{"id":77,"date":"2020-10-30T05:24:00","date_gmt":"2020-10-30T05:24:00","guid":{"rendered":"https:\/\/covid1984.nohost.me\/?p=77"},"modified":"2022-08-20T11:10:41","modified_gmt":"2022-08-20T11:10:41","slug":"covid-19-erreurs-commises-pendant-la-crise-les-chiffres-finiront-par-dire-la-verite","status":"publish","type":"post","link":"https:\/\/crudelis.fr\/site\/covid1984\/2020\/10\/30\/covid-19-erreurs-commises-pendant-la-crise-les-chiffres-finiront-par-dire-la-verite\/","title":{"rendered":"Covid-19 : Erreurs commises pendant la crise, les chiffres finiront par dire la v\u00e9rit\u00e9"},"content":{"rendered":"\n<p>Un article extr\u00eamement int\u00e9ressant sur les erreurs qui ont men\u00e9s \u00e0 l'h\u00e9catombe de la \"premi\u00e8re\" vague.<br>Article dat\u00e9 du 25 septembre 2020.<\/p>\n\n\n\n<!--more-->\n\n\n\n<p><a rel=\"noreferrer noopener\" href=\"http:\/\/www.francesoir.fr\/politique-france\/covid-19-erreurs-commises-pendant-la-crise-les-chiffres-finiront-dire-la-verite\" data-type=\"URL\" data-id=\"http:\/\/www.francesoir.fr\/politique-france\/covid-19-erreurs-commises-pendant-la-crise-les-chiffres-finiront-dire-la-verite\" target=\"_blank\">FranceSoir - Covid-19 : Erreurs commises pendant la crise, les chiffres finiront par dire la v\u00e9rit\u00e9<\/a><br><em>Temps de lecture: 38-48 minutes.<\/em><\/p>\n\n\n\n<hr class=\"wp-block-separator is-style-dots\" \/>\n\n\n\n<blockquote class=\"wp-block-quote is-style-default is-layout-flow wp-block-quote-is-layout-flow\"><p><em>En temps normal, avait expliqu\u00e9 Edouard Philippe ce&nbsp;19 avril, \u00ab les services de r\u00e9animation comptent 5 600 lits. Le taux d\u2019occupation normal est de l\u2019ordre de 85% \u00e0 90%.<\/em><\/p><cite>FranceSoir<\/cite><\/blockquote>\n\n\n\n<blockquote class=\"wp-block-quote is-style-default is-layout-flow wp-block-quote-is-layout-flow\"><p><em>Cela signifie qu'\u00e0 la moindre \u00e9pid\u00e9mie n\u00e9cessitant environ 10% \u00e0 15% de la capacit\u00e9 de r\u00e9animation (soit 1000 patients suppl\u00e9mentaires) la France est sous \u00ab&nbsp;pression sanitaire&nbsp;\u00bb pour ne pas dire en \u00ab&nbsp;urgence sanitaire&nbsp;\u00bb<\/em><\/p><cite>FranceSoir<\/cite><\/blockquote>\n\n\n\n<blockquote class=\"wp-block-quote is-style-default is-layout-flow wp-block-quote-is-layout-flow\"><p><em>Comment expliquer qu\u2019\u00e0 ce jour il n\u2019y a, entre autres que 100 d\u00e9c\u00e8s attribu\u00e9s \u00e0 la grippe en 2020 et 40% de d\u00e9c\u00e8s cardiaques en moins:&nbsp;&nbsp;o\u00f9 sont-ils pass\u00e9s&nbsp;?&nbsp;<\/em><\/p><cite>FranceSoir<\/cite><\/blockquote>\n\n\n\n<blockquote class=\"wp-block-quote is-style-default is-layout-flow wp-block-quote-is-layout-flow\"><p><em>Pendant les quatre mois, depuis le d\u00e9confinement, o\u00f9 le Gouvernement d\u00e9non\u00e7ait quotidiennement une attitude trop souvent d\u00e9sinvolte des Fran\u00e7ais, il n\u2019y a pas eu de surmortalit\u00e9.<\/em><\/p><cite>FranceSoir<\/cite><\/blockquote>\n\n\n\n<blockquote class=\"wp-block-quote is-style-default is-layout-flow wp-block-quote-is-layout-flow\"><p><em>Les Fran\u00e7ais se posent une question l\u00e9gitime : <strong>pourquoi a t-on mis l\u2019\u00e9conomie \u00e0 l\u2019arr\u00eat pour une surmortalit\u00e9, attribuable \u00e0 la Covid-19, tr\u00e8s limit\u00e9e par rapport aux autres ann\u00e9es ?&nbsp;&nbsp;<\/strong>Alors que lors d\u2019\u00e9v\u00e8nements similaires auparavant on acceptait une telle surmortalit\u00e9 [...]<\/em><\/p><cite>FranceSoir<\/cite><\/blockquote>\n\n\n\n<blockquote class=\"wp-block-quote is-style-default is-layout-flow wp-block-quote-is-layout-flow\"><p><em>le Gouvernement et le Comit\u00e9 Scientifique ont cru Neil Fergusson de l'Imperial Coll\u00e8ge sur la r\u00e9alit\u00e9 du virus et des traitements au lieu de se fier aux asiatiques et les experts \u00ab&nbsp;coronavirus&nbsp;\u00bb.<\/em><\/p><cite>FranceSoir<\/cite><\/blockquote>\n\n\n\n<p><\/p>\n","protected":false},"excerpt":{"rendered":"<p>Un article extr\u00eamement int\u00e9ressant sur les erreurs qui ont men\u00e9s \u00e0 l'h\u00e9catombe de la \"premi\u00e8re\" vague.Article dat\u00e9 du 25 septembre 2020.<\/p>\n","protected":false},"author":2,"featured_media":0,"comment_status":"open","ping_status":"open","sticky":false,"template":"","format":"standard","meta":{"footnotes":""},"categories":[2,77,14,16],"tags":[28],"class_list":["post-77","post","type-post","status-publish","format-standard","hentry","category-actualite","category-covid19","category-pourquoi","category-reanimation","tag-relativiser"],"_links":{"self":[{"href":"https:\/\/crudelis.fr\/site\/covid1984\/wp-json\/wp\/v2\/posts\/77","targetHints":{"allow":["GET"]}}],"collection":[{"href":"https:\/\/crudelis.fr\/site\/covid1984\/wp-json\/wp\/v2\/posts"}],"about":[{"href":"https:\/\/crudelis.fr\/site\/covid1984\/wp-json\/wp\/v2\/types\/post"}],"author":[{"embeddable":true,"href":"https:\/\/crudelis.fr\/site\/covid1984\/wp-json\/wp\/v2\/users\/2"}],"replies":[{"embeddable":true,"href":"https:\/\/crudelis.fr\/site\/covid1984\/wp-json\/wp\/v2\/comments?post=77"}],"version-history":[{"count":1,"href":"https:\/\/crudelis.fr\/site\/covid1984\/wp-json\/wp\/v2\/posts\/77\/revisions"}],"predecessor-version":[{"id":2364,"href":"https:\/\/crudelis.fr\/site\/covid1984\/wp-json\/wp\/v2\/posts\/77\/revisions\/2364"}],"wp:attachment":[{"href":"https:\/\/crudelis.fr\/site\/covid1984\/wp-json\/wp\/v2\/media?parent=77"}],"wp:term":[{"taxonomy":"category","embeddable":true,"href":"https:\/\/crudelis.fr\/site\/covid1984\/wp-json\/wp\/v2\/categories?post=77"},{"taxonomy":"post_tag","embeddable":true,"href":"https:\/\/crudelis.fr\/site\/covid1984\/wp-json\/wp\/v2\/tags?post=77"}],"curies":[{"name":"wp","href":"https:\/\/api.w.org\/{rel}","templated":true}]}}