{"id":775,"date":"2020-12-31T12:03:54","date_gmt":"2020-12-31T12:03:54","guid":{"rendered":"https:\/\/covid1984.nohost.me\/blog\/?p=775"},"modified":"2022-08-20T11:09:03","modified_gmt":"2022-08-20T11:09:03","slug":"la-vaccination-antigrippale-est-elle-responsable-de-la-surmortalite-observee-en-france-et-dans-le-reste-de-leurope","status":"publish","type":"post","link":"https:\/\/crudelis.fr\/site\/covid1984\/2020\/12\/31\/la-vaccination-antigrippale-est-elle-responsable-de-la-surmortalite-observee-en-france-et-dans-le-reste-de-leurope\/","title":{"rendered":"La vaccination antigrippale est-elle responsable de la surmortalit\u00e9 observ\u00e9e en France et dans le reste de l\u2019Europe ?"},"content":{"rendered":"\n<p>Une analyse document\u00e9e et tr\u00e8s int\u00e9ressante sur la co\u00efncidence de la \"2e vague\" de covid et la vaccination contre la grippe. Vaccin qui avait d\u00e9j\u00e0 \u00e9t\u00e9 indiqu\u00e9 comme potentiellement aggravant la mortalit\u00e9 du covid !<\/p>\n\n\n\n<!--more-->\n\n\n\n<p><a rel=\"noreferrer noopener\" href=\"https:\/\/www.francesoir.fr\/opinions-tribunes\/la-vaccination-antigrippale-depuis-le-13-octobre-2020-est-elle-responsable-de-la\" data-type=\"URL\" data-id=\"https:\/\/www.francesoir.fr\/opinions-tribunes\/la-vaccination-antigrippale-depuis-le-13-octobre-2020-est-elle-responsable-de-la\" target=\"_blank\">FranceSoir - La vaccination antigrippale depuis le 13 octobre 2020 est-elle responsable de la surmortalit\u00e9 observ\u00e9e en France entre le 15 et le 30 novembre 2020 et dans le reste de l\u2019Europe ?<\/a><br><em>Temps de lecture: 35-45 minutes.<\/em><\/p>\n\n\n\n<hr class=\"wp-block-separator is-style-dots\" \/>\n\n\n\n<blockquote class=\"wp-block-quote is-layout-flow wp-block-quote-is-layout-flow\"><p><em>D\u2019apr\u00e8s l\u2019INSEE, l\u2019on observe une surmortalit\u00e9 significative \u00e0 partir du 20 octobre, soit une semaine apr\u00e8s le d\u00e9but de la mise \u00e0 disposition du vaccin antigrippal le 13 octobre.<\/em><\/p><cite>Un citoyen \u00e9clair\u00e9 pour FranceSoir<\/cite><\/blockquote>\n\n\n\n<blockquote class=\"wp-block-quote is-layout-flow wp-block-quote-is-layout-flow\"><p><em><em>on observe dans certains pays jusque-l\u00e0 \u00e9pargn\u00e9s par l\u2019\u00e9pid\u00e9mie de SARS-CoV-2 comme la R\u00e9publique Tch\u00e8que, la Pologne, la Slov\u00e9nie, la Hongrie et la Roumanie, une flamb\u00e9e de d\u00e9c\u00e8s qui serait imput\u00e9e au Covid-19. Ces pays font g\u00e9n\u00e9ralement partie de ceux qui se vaccinent le moins contre la grippe. Or, dans le m\u00eame temps, ces pays ont d\u00e9marr\u00e9 une campagne de vaccination antigrippale sans pr\u00e9c\u00e9dent depuis le d\u00e9but de l\u2019automne.<\/em><\/em><\/p><cite>Un citoyen \u00e9clair\u00e9 pour FranceSoir<\/cite><\/blockquote>\n\n\n\n<blockquote class=\"wp-block-quote is-layout-flow wp-block-quote-is-layout-flow\"><p><em><em><em>Ce qui est troublant, c\u2019est que tous les pays europ\u00e9ens jusque-l\u00e0 \u00e9pargn\u00e9s se voient impact\u00e9s par une flamb\u00e9e \u00e9pid\u00e9mique au m\u00eame moment. Une \u00e9pid\u00e9mie ne se r\u00e9pand pas de mani\u00e8re uniforme dans le temps et dans l\u2019espace. Sauf si un \u00e9l\u00e9ment d\u00e9clencheur commun dans le temps et l\u2019espace le permet. Or, l\u2019Union Europ\u00e9enne a effectu\u00e9 une campagne d\u00e9but octobre pour inciter tous les pays d\u2019Europe \u00e0 mettre en place des campagnes de vaccination antigrippale.<\/em><\/em><\/em><\/p><cite>Un citoyen \u00e9clair\u00e9 pour FranceSoir<\/cite><\/blockquote>\n\n\n\n<blockquote class=\"wp-block-quote is-layout-flow wp-block-quote-is-layout-flow\"><p><em><em><em>Cette hausse subite des hospitalisations et de la mortalit\u00e9 est d\u2019autant plus \u00e9tonnante qu\u2019au d\u00e9but du mois d\u2019octobre, le R0 (taux de transmission du SARS-CoV-2) \u00e9tait tomb\u00e9 \u00e0 1, ce qui indique qu\u2019il ne pouvait plus d\u00e9clencher d\u2019\u00e9pid\u00e9mie.<\/em><\/em><\/em><\/p><cite>Un citoyen \u00e9clair\u00e9 pour FranceSoir<\/cite><\/blockquote>\n\n\n\n<blockquote class=\"wp-block-quote is-layout-flow wp-block-quote-is-layout-flow\"><p><em><em><em>Nous osons dire que la campagne de vaccination massive contre la grippe cette ann\u00e9e aura plut\u00f4t servi les int\u00e9r\u00eats opportunistes de Sanofi et de tous les industriels de la vaccination en d\u00e9pit du bon sens et de la sant\u00e9 des citoyens.<\/em><\/em><\/em><\/p><cite>Un citoyen \u00e9clair\u00e9 pour FranceSoir<\/cite><\/blockquote>\n\n\n\n<blockquote class=\"wp-block-quote is-layout-flow wp-block-quote-is-layout-flow\"><p><em><em><em>Les citoyens doivent \u00eatre inform\u00e9s de ces \u00e9tudes et observations avant de proc\u00e9der \u00e0 une vaccination antigrippale&nbsp;, ou de tout autre vaccin, dont les effets secondaires sont syst\u00e9matiquement minor\u00e9s par les autorit\u00e9s.<\/em><\/em><\/em><\/p><cite>Un citoyen \u00e9clair\u00e9 pour FranceSoir<\/cite><\/blockquote>\n\n\n\n<hr class=\"wp-block-separator is-style-dots\" \/>\n\n\n\n<p>On trouve \u00e9galement une version plus courte, centr\u00e9e sur quelques pays voisins d'Europe.<\/p>\n\n\n\n<p><a href=\"https:\/\/michel.delorgeril.info\/ethique-et-transparence\/concordance-vaccination-antigrippale-et-recrudescence-covid-19\/\" target=\"_blank\" rel=\"noreferrer noopener\">michel.delorgeril.info - Concordance vaccination antigrippale et recrudescence COVID-19 \u2013 Michel de Lorgeril \u2013 Docteur en M\u00e9decine, Chercheur au CNRS<\/a><br><em>Temps de lecture: 3-4 minutes.<\/em><\/p>\n","protected":false},"excerpt":{"rendered":"<p>Une analyse document\u00e9e et tr\u00e8s int\u00e9ressante sur la co\u00efncidence de la \"2e vague\" de covid et la vaccination contre la grippe. Vaccin qui avait d\u00e9j\u00e0 \u00e9t\u00e9 indiqu\u00e9 comme potentiellement aggravant la mortalit\u00e9 du covid !<\/p>\n","protected":false},"author":2,"featured_media":0,"comment_status":"open","ping_status":"open","sticky":false,"template":"","format":"standard","meta":{"footnotes":""},"categories":[77,12,19],"tags":[31],"class_list":["post-775","post","type-post","status-publish","format-standard","hentry","category-covid19","category-mortalite","category-vaccin","tag-vaccin"],"_links":{"self":[{"href":"https:\/\/crudelis.fr\/site\/covid1984\/wp-json\/wp\/v2\/posts\/775","targetHints":{"allow":["GET"]}}],"collection":[{"href":"https:\/\/crudelis.fr\/site\/covid1984\/wp-json\/wp\/v2\/posts"}],"about":[{"href":"https:\/\/crudelis.fr\/site\/covid1984\/wp-json\/wp\/v2\/types\/post"}],"author":[{"embeddable":true,"href":"https:\/\/crudelis.fr\/site\/covid1984\/wp-json\/wp\/v2\/users\/2"}],"replies":[{"embeddable":true,"href":"https:\/\/crudelis.fr\/site\/covid1984\/wp-json\/wp\/v2\/comments?post=775"}],"version-history":[{"count":1,"href":"https:\/\/crudelis.fr\/site\/covid1984\/wp-json\/wp\/v2\/posts\/775\/revisions"}],"predecessor-version":[{"id":2300,"href":"https:\/\/crudelis.fr\/site\/covid1984\/wp-json\/wp\/v2\/posts\/775\/revisions\/2300"}],"wp:attachment":[{"href":"https:\/\/crudelis.fr\/site\/covid1984\/wp-json\/wp\/v2\/media?parent=775"}],"wp:term":[{"taxonomy":"category","embeddable":true,"href":"https:\/\/crudelis.fr\/site\/covid1984\/wp-json\/wp\/v2\/categories?post=775"},{"taxonomy":"post_tag","embeddable":true,"href":"https:\/\/crudelis.fr\/site\/covid1984\/wp-json\/wp\/v2\/tags?post=775"}],"curies":[{"name":"wp","href":"https:\/\/api.w.org\/{rel}","templated":true}]}}