{"id":780,"date":"2021-01-01T12:01:27","date_gmt":"2021-01-01T12:01:27","guid":{"rendered":"https:\/\/covid1984.nohost.me\/blog\/?p=780"},"modified":"2022-08-20T11:09:03","modified_gmt":"2022-08-20T11:09:03","slug":"les-pr-perronne-pr-trouillas-et-medecins-attaquent-le-decret-limitant-la-liberte-dexpression-des-medecins","status":"publish","type":"post","link":"https:\/\/crudelis.fr\/site\/covid1984\/2021\/01\/01\/les-pr-perronne-pr-trouillas-et-medecins-attaquent-le-decret-limitant-la-liberte-dexpression-des-medecins\/","title":{"rendered":"Les Pr Perronne, Pr. Trouillas et m\u00e9decins attaquent le d\u00e9cret limitant la libert\u00e9 d\u2019expression des m\u00e9decins"},"content":{"rendered":"\n<p>Un article de FranceSoir, dat\u00e9 du 31 d\u00e9cembre 2020, nous informe d'un d\u00e9cret discr\u00e8tement pass\u00e9 pour museler la communication des m\u00e9decins et affirmer la propagande gouvernementale.<\/p>\n\n\n\n<!--more-->\n\n\n\n<p><a rel=\"noreferrer noopener\" href=\"https:\/\/www.francesoir.fr\/societe-sante\/le-pr-christian-perronne-le-pr-trouillas-et-des-medecins-attaquent-le-decret-limitant\" data-type=\"URL\" data-id=\"https:\/\/www.francesoir.fr\/societe-sante\/le-pr-christian-perronne-le-pr-trouillas-et-des-medecins-attaquent-le-decret-limitant\" target=\"_blank\">FranceSoir - Les Pr Perronne, Pr. Trouillas et m\u00e9decins attaquent le d\u00e9cret limitant la libert\u00e9 d\u2019expression des m\u00e9decins<\/a><br><em>Temps de lecture: 5-6 minutes.<\/em><\/p>\n\n\n\n<p><a rel=\"noreferrer noopener\" href=\"https:\/\/www.legifrance.gouv.fr\/jorf\/id\/JORFTEXT000042731060\" target=\"_blank\" data-type=\"URL\" data-id=\"https:\/\/www.legifrance.gouv.fr\/jorf\/id\/JORFTEXT000042731060\">L\u00e9gifrance - D\u00e9cret n\u00b0 2020-1662 du 22 d\u00e9cembre 2020 portant modification du code de d\u00e9ontologie des m\u00e9decins et relatif \u00e0 leur communication professionnelle<\/a><br><em>Temps de lecture: 7-10 minutes.<\/em><\/p>\n\n\n\n<hr class=\"wp-block-separator is-style-dots\" \/>\n\n\n\n<blockquote class=\"wp-block-quote is-layout-flow wp-block-quote-is-layout-flow\"><p><em>Or, le d\u00e9cret du 22 d\u00e9cembre 2020 portant modification du code de d\u00e9ontologie des m\u00e9decins vient limiter leur libert\u00e9 d\u2019expression concernant des actions d\u2019information du public \u00e0 caract\u00e8re scientifique. En effet, ce d\u00e9cret pr\u00e9voit que les m\u00e9decins peuvent communiquer des informations au public \u00e0 caract\u00e8re scientifique, uniquement si ces informations font \u00e9tat de \u00ab donn\u00e9es confirm\u00e9es ou \u00e9tay\u00e9es \u00bb.<\/em><\/p><cite>FranceSoir<\/cite><\/blockquote>\n\n\n\n<blockquote class=\"wp-block-quote is-layout-flow wp-block-quote-is-layout-flow\"><p><em><em>Si le Conseil d\u2019Etat devait valider ce d\u00e9cret, les communications scientifiques \u00e0 l\u2019attention de la population seraient le seul fait du Gouvernement ou du Conseil National de l\u2019Ordre des M\u00e9decins.<\/em><\/em><\/p><cite>FranceSoir<\/cite><\/blockquote>\n\n\n\n<blockquote class=\"wp-block-quote is-layout-flow wp-block-quote-is-layout-flow\"><p><em><em><em>En effet, \u00e0 aucun moment le d\u00e9cret ne vient pr\u00e9ciser ce que sont des \u00abdonn\u00e9es scientifiques non confirm\u00e9es ou non \u00e9tay\u00e9es. \u00bb D\u00e8s lors, le d\u00e9cret laisse, au Conseil National de l\u2019Ordre des M\u00e9decins le soin de qualifier de fa\u00e7on totalement arbitraire ce que sont des \u00ab donn\u00e9es scientifiques non confirm\u00e9es ou non \u00e9tay\u00e9es \u00bb. Or, les conseils de l'ordre, qui sont \u00e9lus sur une base politique et syndicale, n'ont aucune qualification scientifique pour d\u00e9terminer ce qui est \"scientifiquement \u00e9tay\u00e9\" ou \" confirm\u00e9\".<\/em><\/em><\/em><\/p><cite>FranceSoir<\/cite><\/blockquote>\n\n\n\n<blockquote class=\"wp-block-quote is-layout-flow wp-block-quote-is-layout-flow\"><p><em><em><em>Lorsque le m\u00e9decin participe \u00e0 une action d'information du public \u00e0 caract\u00e8re \u00e9ducatif, scientifique ou sanitaire, quel qu'en soit le moyen de diffusion, il ne fait \u00e9tat que de donn\u00e9es confirm\u00e9es<\/em><\/em><\/em> [...]<\/p><cite>Art. R. 4127-13 modifi\u00e9 par le d\u00e9cret 2020-1662 du 22 d\u00e9cembre 2020<\/cite><\/blockquote>\n","protected":false},"excerpt":{"rendered":"<p>Un article de FranceSoir, dat\u00e9 du 31 d\u00e9cembre 2020, nous informe d'un d\u00e9cret discr\u00e8tement pass\u00e9 pour museler la communication des m\u00e9decins et affirmer la propagande gouvernementale.<\/p>\n","protected":false},"author":2,"featured_media":0,"comment_status":"open","ping_status":"open","sticky":false,"template":"","format":"standard","meta":{"footnotes":""},"categories":[2,77,6],"tags":[25],"class_list":["post-780","post","type-post","status-publish","format-standard","hentry","category-actualite","category-covid19","category-democratie","tag-officiel"],"_links":{"self":[{"href":"https:\/\/crudelis.fr\/site\/covid1984\/wp-json\/wp\/v2\/posts\/780","targetHints":{"allow":["GET"]}}],"collection":[{"href":"https:\/\/crudelis.fr\/site\/covid1984\/wp-json\/wp\/v2\/posts"}],"about":[{"href":"https:\/\/crudelis.fr\/site\/covid1984\/wp-json\/wp\/v2\/types\/post"}],"author":[{"embeddable":true,"href":"https:\/\/crudelis.fr\/site\/covid1984\/wp-json\/wp\/v2\/users\/2"}],"replies":[{"embeddable":true,"href":"https:\/\/crudelis.fr\/site\/covid1984\/wp-json\/wp\/v2\/comments?post=780"}],"version-history":[{"count":1,"href":"https:\/\/crudelis.fr\/site\/covid1984\/wp-json\/wp\/v2\/posts\/780\/revisions"}],"predecessor-version":[{"id":2298,"href":"https:\/\/crudelis.fr\/site\/covid1984\/wp-json\/wp\/v2\/posts\/780\/revisions\/2298"}],"wp:attachment":[{"href":"https:\/\/crudelis.fr\/site\/covid1984\/wp-json\/wp\/v2\/media?parent=780"}],"wp:term":[{"taxonomy":"category","embeddable":true,"href":"https:\/\/crudelis.fr\/site\/covid1984\/wp-json\/wp\/v2\/categories?post=780"},{"taxonomy":"post_tag","embeddable":true,"href":"https:\/\/crudelis.fr\/site\/covid1984\/wp-json\/wp\/v2\/tags?post=780"}],"curies":[{"name":"wp","href":"https:\/\/api.w.org\/{rel}","templated":true}]}}