{"id":784,"date":"2021-01-04T12:19:51","date_gmt":"2021-01-04T12:19:51","guid":{"rendered":"https:\/\/covid1984.nohost.me\/blog\/?p=784"},"modified":"2022-08-20T11:09:02","modified_gmt":"2022-08-20T11:09:02","slug":"klaus-schwab-et-sa-grande-reinitialisation-fasciste","status":"publish","type":"post","link":"https:\/\/crudelis.fr\/site\/covid1984\/2021\/01\/04\/klaus-schwab-et-sa-grande-reinitialisation-fasciste\/","title":{"rendered":"Klaus Schwab et sa grande r\u00e9initialisation fasciste"},"content":{"rendered":"\n<div class=\"wp-block-group\"><div class=\"wp-block-group__inner-container is-layout-flow wp-block-group-is-layout-flow\">\n<p>Une pong\u00e9e int\u00e9ressante et sourc\u00e9e dans les objectifs du Great Reset assum\u00e9s par son principal instigateur, Klaus Schwab, fondateur et pr\u00e9sident du World Economic Forum de Davos.<\/p>\n\n\n\n<!--more-->\n\n\n\n<figure class=\"wp-block-table\"><table class=\"has-subtle-light-gray-background-color has-background\"><tbody><tr><td class=\"has-text-align-center\" data-align=\"center\"><strong><strong>OPINION<\/strong><br><br>Cet article exprime l'opinion personnelle de son auteur.<\/strong><\/td><\/tr><\/tbody><\/table><\/figure>\n\n\n\n<figure class=\"wp-block-table\"><table class=\"has-subtle-pale-pink-background-color has-background\"><tbody><tr><td><em>Pour les articles qui ne sont pas en fran\u00e7ais, vous pouvez utiliser <a rel=\"noreferrer noopener\" href=\"https:\/\/www.deepl.com\/translator\" target=\"_blank\">DeepL<\/a> pour traduire le texte en fran\u00e7ais.<\/em><\/td><\/tr><\/tbody><\/table><\/figure>\n\n\n\n<p><a href=\"https:\/\/winteroak.org.uk\/2020\/10\/05\/klaus-schwab-and-his-great-fascist-reset\/\" target=\"_blank\" rel=\"noreferrer noopener\">winter oak - Klaus Schwab and his great fascist\u00a0reset<\/a><br><em>Temps de lecture: 59-75 minutes.<\/em><\/p>\n\n\n\n<hr class=\"wp-block-separator is-style-dots\" \/>\n\n\n\n<blockquote class=\"wp-block-quote is-layout-flow wp-block-quote-is-layout-flow\"><p><em>Society is no longer regarded as a living community but as a business, whose profitability is the sole valid aim of human activity.<\/em><br>---<br><em>La soci\u00e9t\u00e9 n'est plus consid\u00e9r\u00e9e comme une communaut\u00e9 vivante mais comme une entreprise dont la rentabilit\u00e9 est le seul but valable de l'activit\u00e9 humaine.<\/em><\/p><cite>winter oak<\/cite><\/blockquote>\n\n\n\n<blockquote class=\"wp-block-quote is-layout-flow wp-block-quote-is-layout-flow\"><p><em><em>The \u201cpartnerships\u201d which the WEF creates are aimed at replacing democracy with a global leadership of hand-picked and unelected individuals whose duty is not to serve the public, but to impose the rule of the 1% on that public with as little interference from the rest of us as possible.<\/em><\/em><br>---<br><em>Les \"partenariats\" que le WEF cr\u00e9e visent \u00e0 remplacer la d\u00e9mocratie par un leadership mondial compos\u00e9 d'individus tri\u00e9s sur le volet et non \u00e9lus dont le devoir n'est pas de servir le public, mais d'imposer la r\u00e8gle du 1% \u00e0 ce public avec le moins d'ing\u00e9rence possible de la part du reste d'entre nous.<\/em><\/p><cite>winter oak<\/cite><\/blockquote>\n\n\n\n<blockquote class=\"wp-block-quote is-layout-flow wp-block-quote-is-layout-flow\"><p><em><em><em>These, he assures us, will \u201cdeliver new and innovative ways to service citizens and customers\u201d and we will have to stop objecting to businesses profiting from harnessing and selling information about every aspect of our personal lives.<\/em><\/em><\/em><\/p><p><em>\u201cEstablishing trust in the data and algorithms used to make decisions will be vital,\u201d insists Schwab. \u201cCitizen concerns over privacy and establishing accountability in business and legal structures will require adjustments in thinking\u201d.<\/em><\/p><p><em>At the end of the day it is clear that all this technological excitement revolves purely around profit, or \u201cvalue\u201d as Schwab prefers to term it in his 21st century corporate newspeak.<\/em><br>---<br><em>Ceux-ci, nous assure-t-il, \"offriront des moyens nouveaux et innovants de servir les citoyens et les clients\" et nous devrons cesser de nous opposer aux entreprises qui profitent de l'exploitation et de la vente d'informations sur chaque aspect de notre vie personnelle.<\/em><\/p><p><em>\"Il sera vital d'\u00e9tablir la confiance dans les donn\u00e9es et les algorithmes utilis\u00e9s pour prendre des d\u00e9cisions\", insiste M. Schwab. \"Les pr\u00e9occupations des citoyens concernant la vie priv\u00e9e et l'\u00e9tablissement de la responsabilit\u00e9 dans les structures commerciales et juridiques n\u00e9cessiteront des ajustements de la pens\u00e9e\".<\/em><\/p><p><em>En fin de compte, il est clair que toute cette excitation technologique tourne uniquement autour du profit, ou de la \"valeur\" comme Schwab pr\u00e9f\u00e8re l'appeler dans sa novlangue d'entreprise du 21e si\u00e8cle.<\/em><\/p><cite>winter oak<\/cite><\/blockquote>\n\n\n\n<blockquote class=\"wp-block-quote is-layout-flow wp-block-quote-is-layout-flow\"><p><em><em><em>It is of little comfort to learn that this is all <\/em><\/em><\/em>(ndlr: transhumanism)<em><em><em>\u2013 of course! \u2013 in the greater interests of capitalist profiteering since it \u201cheralds new industries and systems for value creation\u201d and \u201crepresents an opportunity to create entire new systems of value in the Fourth Industrial Revolution\u201d.<\/em><\/em><\/em><br>---<br><em>Il n'est gu\u00e8re r\u00e9confortant d'apprendre que tout cela est <\/em>(ndlr : le transhumanisme)<em> - bien s\u00fbr ! - dans l'int\u00e9r\u00eat sup\u00e9rieur du profit capitaliste puisqu'il \"annonce de nouvelles industries et de nouveaux syst\u00e8mes de cr\u00e9ation de valeur\" et \"repr\u00e9sente une opportunit\u00e9 de cr\u00e9er des syst\u00e8mes de valeur enti\u00e8rement nouveaux dans le cadre de la quatri\u00e8me r\u00e9volution industrielle\".<\/em><\/p><cite>winter oak<\/cite><\/blockquote>\n\n\n\n<blockquote class=\"wp-block-quote is-layout-flow wp-block-quote-is-layout-flow\"><p><em><em><em>Schwab seems to be hinting at the same future of a \u201csuperior\u201d enhanced artificial transhuman elite separating from the natural-born rabble, in this particularly damning passage from The Fourth Industrial Revolution: \u201cWe are at the threshold of a radical systemic change that requires human beings to adapt continuously. As a result, we may witness an increasing degree of polarization in the world, marked by those who embrace change versus those who resist it.<\/em><\/em>\"<\/em><br>---<br><em>Schwab semble faire allusion au m\u00eame avenir d'une \u00e9lite transhumaine artificielle renforc\u00e9e \"sup\u00e9rieure\", se s\u00e9parant de la populace n\u00e9e naturellement, dans ce passage particuli\u00e8rement accablant de la quatri\u00e8me r\u00e9volution industrielle : \"Nous sommes au seuil d'un changement syst\u00e9mique radical qui exige des \u00eatres humains une adaptation continue. En cons\u00e9quence, nous pouvons assister \u00e0 un degr\u00e9 croissant de polarisation dans le monde, marqu\u00e9 par ceux qui embrassent le changement contre ceux qui y r\u00e9sistent.\"<\/em><\/p><cite>winter oak<\/cite><\/blockquote>\n\n\n\n<blockquote class=\"wp-block-quote is-layout-flow wp-block-quote-is-layout-flow\"><p><em><em><em>So how is an honest technocrat supposed to roll out his preferred future for the world without the agreement of the global public? How can Schwab and his billionaire friends <em>impose<\/em> their favoured society on the rest of us?<\/em><\/em><\/em><\/p><p><em>One answer is relentless brainwashing propaganda churned out by the mass media and academia owned by the 1% elite \u2013 what they like to call \u201ca narrative\u201d.<\/em><\/p><p><em>For Schwab, the reluctance of the majority of humankind to leap aboard his 4IR <\/em>(ndlr: Fourth Industrial Revolution)<em> express reflects the tragedy that \u201cthe world lacks a consistent, positive and common narrative that outlines the opportunities and challenges of the fourth industrial revolution, a narrative that is essential if we are to empower a diverse set of individuals and communities and avoid a popular backlash against the fundamental changes under way\u201d.<\/em><br>---<br><em>Alors comment un honn\u00eate technocrate est-il cens\u00e9 mettre en place son avenir pr\u00e9f\u00e9r\u00e9 pour le monde sans l'accord du public mondial ? Comment Schwab et ses amis milliardaires peuvent-ils imposer leur soci\u00e9t\u00e9 pr\u00e9f\u00e9r\u00e9e au reste d'entre nous ?<\/em><\/p><p><em>Une r\u00e9ponse est la propagande impitoyable de lavage de cerveau produite par les m\u00e9dias et les universit\u00e9s appartenant au 1% de l'\u00e9lite - ce qu'ils aiment appeler \"un r\u00e9cit\".<\/em><\/p><p><em>Pour Schwab, la r\u00e9ticence de la majorit\u00e9 de l'humanit\u00e9 \u00e0 sauter \u00e0 bord de son 4IR <\/em>(ndlr: Quatri\u00e8me R\u00e9volution Industrielle)<em> express refl\u00e8te la trag\u00e9die selon laquelle \"le monde manque d'un r\u00e9cit coh\u00e9rent, positif et commun qui expose les opportunit\u00e9s et les d\u00e9fis de la quatri\u00e8me r\u00e9volution industrielle, un r\u00e9cit qui est essentiel si nous voulons donner du pouvoir \u00e0 un ensemble diversifi\u00e9 d'individus et de communaut\u00e9s et \u00e9viter une r\u00e9action populaire contre les changements fondamentaux en cours\".<\/em><\/p><cite>winter oak<\/cite><\/blockquote>\n\n\n\n<blockquote class=\"wp-block-quote is-layout-flow wp-block-quote-is-layout-flow\"><p><em><em><em>The same technique, of a fake \u201cnarrative\u201d designed to fool good-thinking citizens into supporting an imperialist capitalist scheme, has been used extensively with regard to climate change.<\/em><\/em><\/em><br>---<br><em>La m\u00eame technique, celle d'une fausse \"narration\" destin\u00e9e \u00e0 tromper les citoyens bien pensants pour qu'ils soutiennent un projet capitaliste imp\u00e9rialiste, a \u00e9t\u00e9 largement utilis\u00e9e en ce qui concerne le changement climatique.<\/em><\/p><cite>winter oak<\/cite><\/blockquote>\n\n\n\n<blockquote class=\"wp-block-quote is-layout-flow wp-block-quote-is-layout-flow\"><p><em><em><em>In fact, of course, the ultra-industrial future proposed by Schwab is anything other than green. It\u2019s not nature he\u2019s interested in, but \u201cnatural capital\u201d and \u201cincentivizing investment in green and social frontier markets\u201d.<\/em><\/em><\/em><br>---<br><em>En fait, bien s\u00fbr, l'avenir ultra-industriel propos\u00e9 par Schwab est tout sauf vert. Ce n'est pas la nature qui l'int\u00e9resse, mais le \"capital naturel\" et \"l'incitation \u00e0 l'investissement dans les march\u00e9s verts et les march\u00e9s \u00e0 la fronti\u00e8re sociale\".<\/em><\/p><cite>winter oak<\/cite><\/blockquote>\n\n\n\n<blockquote class=\"wp-block-quote is-layout-flow wp-block-quote-is-layout-flow\"><p><em><em><em>Schwab also very much regrets all that red tape preventing the unhindered onward march of GM food, warning that \u201cglobal food security will only be achieved, however, if regulations on genetically modified foods are adapted to reflect the reality that gene editing offers a precise, efficient and safe method of improving crops\u201d.<\/em><\/em><\/em><br>---<br><em>Schwab regrette \u00e9galement beaucoup toute cette paperasserie qui emp\u00eache la progression sans entrave des aliments g\u00e9n\u00e9tiquement modifi\u00e9s, avertissant que \"la s\u00e9curit\u00e9 alimentaire mondiale ne sera toutefois atteinte que si les r\u00e9glementations sur les aliments g\u00e9n\u00e9tiquement modifi\u00e9s sont adapt\u00e9es pour refl\u00e9ter la r\u00e9alit\u00e9 selon laquelle l'\u00e9dition g\u00e9n\u00e9tique offre une m\u00e9thode pr\u00e9cise, efficace et s\u00fbre pour am\u00e9liorer les cultures\".<\/em><\/p><cite>winter oak<\/cite><\/blockquote>\n\n\n\n<blockquote class=\"wp-block-quote is-layout-flow wp-block-quote-is-layout-flow\"><p><em><em><em>This shouldn\u2019t have been too much of a surprise for Schwab, since his WEF had co-hosted the infamous Event 201 conference in October 2019, which modelled a fictional coronavirus pandemic.<\/em><\/em><\/em><br>---<br><em>Cela n'aurait pas d\u00fb \u00eatre une trop grande surprise pour M. Schwab, puisque son WEF avait co-organis\u00e9 la tristement c\u00e9l\u00e8bre conf\u00e9rence Event 201 en octobre 2019, qui a mod\u00e9lis\u00e9 une pand\u00e9mie fictive de coronavirus.<\/em><\/p><cite>winter oak<\/cite><\/blockquote>\n\n\n\n<blockquote class=\"wp-block-quote is-layout-flow wp-block-quote-is-layout-flow\"><p><em>Schwab and Malleret admit that Covid-19 is \u201cone of the least deadly pandemics the world has experienced over the last 2000 years\u201d, adding that \u201cthe consequences of COVID-19 in terms of health and mortality will be mild compared to previous pandemics\u201d.<br>[...]<br>Yet, incredibly, this \u201cmild\u201d illness is simultaneously presented as the excuse for unprecedented social change under the banner of \u201cThe Great Reset\u201d!<\/em><br>---<br><em>Schwab et Malleret admettent que le COVID-19 est \"l'une des pand\u00e9mies les moins meurtri\u00e8res que le monde ait connues au cours des 2000 derni\u00e8res ann\u00e9es\", ajoutant que \"les cons\u00e9quences du COVID-19 en termes de sant\u00e9 et de mortalit\u00e9 seront l\u00e9g\u00e8res par rapport aux pand\u00e9mies pr\u00e9c\u00e9dentes\".<br>[...]<br>Et pourtant, chose incroyable, cette maladie \"b\u00e9nigne\" est simultan\u00e9ment pr\u00e9sent\u00e9e comme le pr\u00e9texte \u00e0 un changement social sans pr\u00e9c\u00e9dent sous la banni\u00e8re de \"La grande r\u00e9initialisation\" !<\/em><\/p><cite>winter oak<\/cite><\/blockquote>\n\n\n\n<blockquote class=\"wp-block-quote is-layout-flow wp-block-quote-is-layout-flow\"><p><em><em><em>When any tyrant declares the right to rule over a population without taking their views into account, they like to justify their dictatorship with the claim that they are morally entitled to do so because they are \u201cenlightened\u201d.<\/em><\/em><\/em><\/p><p><em>The same is true of the Covid-fuelled tyranny of Schwab\u2019s great reset, which the book categorises as \u201cenlightened leadership\u201d, adding: \u201cSome leaders and decision-makers who were already at the forefront of the fight against climate change may want to take advantage of the shock inflicted by the pandemic to implement long-lasting and wider environmental changes. They will, in effect, make \u2018good use\u2019 of the pandemic by not letting the crisis go to waste\u201d.<\/em><br>---<br><em>Lorsqu'un tyran d\u00e9clare le droit de r\u00e9gner sur une population sans tenir compte de ses opinions, il aime justifier sa dictature en pr\u00e9tendant qu'il en a le droit moral parce qu'il est \"\u00e9clair\u00e9\".<\/em><\/p><p><em>Il en va de m\u00eame pour la tyrannie de la grande r\u00e9initialisation de Schwab, aliment\u00e9e par le Covid, que le livre qualifie de \"leadership \u00e9clair\u00e9\", ajoute-t-il : \"Certains dirigeants et d\u00e9cideurs qui \u00e9taient d\u00e9j\u00e0 \u00e0 l'avant-garde de la lutte contre le changement climatique pourraient vouloir profiter du choc inflig\u00e9 par la pand\u00e9mie pour mettre en \u0153uvre des changements environnementaux durables et plus larges. Ils feront, en effet, un \"bon usage\" de la pand\u00e9mie en ne laissant pas la crise se perdre\".<\/em><\/p><cite>winter oak<\/cite><\/blockquote>\n\n\n\n<blockquote class=\"wp-block-quote is-layout-flow wp-block-quote-is-layout-flow\"><p><em><em><em>They write: \u201cRadical changes of such consequence are coming that some pundits have referred to a \u2018before coronavirus\u2019 (BC) and \u2018after coronavirus\u2019 (AC) era. We will continue to be surprised by both the rapidity and unexpected nature of these changes \u2013 as they conflate with each other, they will provoke second-, third-, fourth- and more-order consequences, cascading effects and unforeseen outcomes. In so doing, they will shape a \u2018new normal\u2019 radically different from the one we will be progressively leaving behind. Many of our beliefs and assumptions about what the world could or should look like will be shattered in the process\u201d.<\/em><\/em><\/em><br>---<br><em>Ils \u00e9crivent : \"Des changements radicaux d'une telle importance sont en train de se produire que certains experts ont parl\u00e9 d'une \u00e8re \"avant coronavirus\" (BC) et \"apr\u00e8s coronavirus\" (AC). Nous continuerons \u00e0 \u00eatre surpris par la rapidit\u00e9 et la nature inattendue de ces changements. En se combinant les uns aux autres, ils provoqueront des cons\u00e9quences de second, troisi\u00e8me, quatri\u00e8me ordre et plus, des effets en cascade et des r\u00e9sultats impr\u00e9vus. Ce faisant, ils formeront une \"nouvelle normalit\u00e9\" radicalement diff\u00e9rente de celle que nous laisserons progressivement derri\u00e8re nous. Nombre de nos croyances et de nos hypoth\u00e8ses sur ce \u00e0 quoi le monde pourrait ou devrait ressembler seront \u00e9branl\u00e9es au cours du processus\".<\/em><\/p><cite>winter oak<\/cite><\/blockquote>\n\n\n\n<blockquote class=\"wp-block-quote is-layout-flow wp-block-quote-is-layout-flow\"><p><em><em><em>Fate is obviously smiling on Klaus Schwab as this Covid-19 crisis has, happily, succeeded in advancing pretty much every aspect of the agenda he has been promoting over the decades.<\/em><\/em><\/em><br>---<br><em>Le destin sourit \u00e9videmment \u00e0 Klaus Schwab car cette crise du Covid-19 a heureusement r\u00e9ussi \u00e0 faire avancer \u00e0 peu pr\u00e8s tous les aspects du programme qu'il a promu au cours des d\u00e9cennies.<\/em><\/p><cite>winter oak<\/cite><\/blockquote>\n\n\n\n<blockquote class=\"wp-block-quote is-layout-flow wp-block-quote-is-layout-flow\"><p><em><em><em>By way of corollary, we might suggest that it is \u201cnot by accident\u201d that governments which have been captured and controlled by big business, thanks to the likes of the WEF, have imposed a \u201cnew reality\u201d under which big businesses are the \u201cwinners\u201d\u2026<\/em><\/em><\/em><br>---<br><em>En corollaire, nous pourrions sugg\u00e9rer que ce n'est \"pas par hasard\" que les gouvernements qui ont \u00e9t\u00e9 captur\u00e9s et contr\u00f4l\u00e9s par les grandes entreprises, gr\u00e2ce \u00e0 des organisations comme le WEF, ont impos\u00e9 une \"nouvelle r\u00e9alit\u00e9\" dans laquelle les grandes entreprises sont les \"gagnantes\"\u2026<\/em><\/p><cite>winter oak<\/cite><\/blockquote>\n\n\n\n<blockquote class=\"wp-block-quote is-layout-flow wp-block-quote-is-layout-flow\"><p><em><em><em>As previously mentioned, Schwab has long been frustrated by all those tiresome regulations which stop capitalists from making as much money as they w<\/em><\/em>ould like to, by focusing on economically irrelevant concerns such as the safety and well being of human beings.<\/em><\/p><p><em>But \u2013 hooray! \u2013 the Covid crisis has provided the perfect excuse for doing away with great swathes of these outmoded impediments to prosperity and growth.<\/em><br>---<br><em>Comme mentionn\u00e9 pr\u00e9c\u00e9demment, Schwab a longtemps \u00e9t\u00e9 frustr\u00e9 par toutes ces r\u00e9glementations fastidieuses qui emp\u00eachent les capitalistes de gagner autant d'argent qu'ils le voudraient, en se concentrant sur des pr\u00e9occupations \u00e9conomiquement non pertinentes telles que la s\u00e9curit\u00e9 et le bien-\u00eatre des \u00eatres humains.<\/em><\/p><p><em>Mais - hourra ! - la crise du Covid a fourni l'excuse parfaite pour \u00e9liminer une grande partie de ces entraves d\u00e9pass\u00e9es \u00e0 la prosp\u00e9rit\u00e9 et \u00e0 la croissance.<\/em><\/p><cite>winter oak<\/cite><\/blockquote>\n\n\n\n<blockquote class=\"wp-block-quote is-layout-flow wp-block-quote-is-layout-flow\"><p><em><em><em>This, they reflect, is another great advantage of the Covid crisis over the environmental one which might have been used to impose their New Normal: \u201cWhile for a pandemic, a majority of citizens will tend to agree with the necessity to impose coercive measures, they will resist constraining policies in the case of environmental risks where the evidence can be disputed\u201d.<\/em><\/em><\/em><br>---<br><em>C'est, selon eux, un autre grand avantage de la crise Covid par rapport \u00e0 la crise environnementale qui aurait pu \u00eatre utilis\u00e9e pour imposer leur nouvelle norme : \"Alors que pour une pand\u00e9mie, une majorit\u00e9 de citoyens auront tendance \u00e0 \u00eatre d'accord avec la n\u00e9cessit\u00e9 d'imposer des mesures coercitives, ils r\u00e9sisteront aux politiques contraignantes dans le cas de risques environnementaux dont les preuves peuvent \u00eatre contest\u00e9es\".<\/em><\/p><cite>winter oak<\/cite><\/blockquote>\n\n\n\n<blockquote class=\"wp-block-quote is-layout-flow wp-block-quote-is-layout-flow\"><p><em><em><em>Write Schwab and Malleret: \u201cThe corporate move will be towards greater surveillance; for better or for worse, companies will be watching and sometimes recording what their workforce does. The trend could take many different forms, from measuring body temperatures with thermal cameras to monitoring via an app how employees comply with social distancing\u201d.<\/em><\/em><\/em><\/p><p><em>Coercive measures of one kind or another are also likely to be used to force people to take the Covid vaccines currently being lined up.<\/em><br>---<br><em>Schwab et Malleret \u00e9crivent : \"L'\u00e9volution des entreprises va vers une plus grande surveillance ; pour le meilleur ou pour le pire, les entreprises vont surveiller et parfois enregistrer ce que fait leur personnel. Cette tendance pourrait prendre de nombreuses formes diff\u00e9rentes, de la mesure de la temp\u00e9rature corporelle avec des cam\u00e9ras thermiques \u00e0 la surveillance, via une application, de la mani\u00e8re dont les employ\u00e9s respectent la distance sociale\".<\/em><\/p><p><em>Des mesures coercitives d'un type ou d'un autre risquent \u00e9galement d'\u00eatre utilis\u00e9es pour obliger les gens \u00e0 prendre les vaccins Covid qui sont actuellement en cours d'\u00e9laboration.<\/em><\/p><cite>winter oak<\/cite><\/blockquote>\n\n\n\n<blockquote class=\"wp-block-quote is-layout-flow wp-block-quote-is-layout-flow\"><p><em><em><em>We don\u2019t have to accept their New Normal. We don\u2019t have to go along with their fearmongering. We don\u2019t have to take their vaccines. We don\u2019t have to let them implant us with smartphones or edit our DNA. We don\u2019t have to walk, muzzled and submissive, straight into their transhumanist hell.<\/em><\/em><\/em><\/p><p><em>We can denounce their lies! Expose their agenda! Refuse their narrative! Reject their toxic ideology! Resist their fascism!<\/em><br>---<br><em>Nous n'avons pas \u00e0 accepter leur nouvelle normalit\u00e9. Nous ne sommes pas oblig\u00e9s d'accepter leurs propos alarmistes. Nous ne sommes pas oblig\u00e9s de prendre leurs vaccins. Nous n'avons pas \u00e0 les laisser nous implanter des smartphones ou modifier notre ADN. Nous n'avons pas \u00e0 marcher, musel\u00e9s et soumis, tout droit dans leur enfer transhumaniste.<\/em><\/p><p><em>Nous pouvons d\u00e9noncer leurs mensonges ! D\u00e9noncez leur programme ! Refuser leur r\u00e9cit ! Rejeter leur id\u00e9ologie toxique ! R\u00e9sistez \u00e0 leur fascisme !<\/em><\/p><cite>winter oak<\/cite><\/blockquote>\n<\/div><\/div>\n\n\n\n<hr class=\"wp-block-separator is-style-dots\" \/>\n\n\n\n<p>Si l'on peut imaginer que ce n'est l\u00e0 que la vision d\u00e9lirante d'un vieil homme sans pouvoir, il est bon de se souvenir que <a rel=\"noreferrer noopener\" href=\"https:\/\/crudelis.fr\/site\/covid1984\/2020\/11\/17\/hold-up-le-documentaire-choc-informations-complementaires-6e-partie\/#3\" target=\"_blank\">le World Economic Forum est un rassemblement des plus grandes entreprises du monde<\/a>.<br>Nombre de ces entreprises disposent d\u00e9j\u00e0 de suffisamment de puissance pour d\u00e9cider \u00e0 la place des \u00e9tats.<br>Ce n'est donc pas le projet insignifiant d'un vieillard isol\u00e9, c'est le projet tr\u00e8s concr\u00eat d'une \u00e9lite capitaliste qui dirige d\u00e9j\u00e0 le monde et qui veut plus de pouvoir.<\/p>\n","protected":false},"excerpt":{"rendered":"<p>Une pong\u00e9e int\u00e9ressante et sourc\u00e9e dans les objectifs du Great Reset assum\u00e9s par son principal instigateur, Klaus Schwab, fondateur et pr\u00e9sident du World Economic Forum de Davos.<\/p>\n","protected":false},"author":2,"featured_media":0,"comment_status":"open","ping_status":"open","sticky":false,"template":"","format":"standard","meta":{"footnotes":""},"categories":[77,13,14,17],"tags":[22,26],"class_list":["post-784","post","type-post","status-publish","format-standard","hentry","category-covid19","category-opinion","category-pourquoi","category-ressources","tag-great-reset","tag-opinion"],"_links":{"self":[{"href":"https:\/\/crudelis.fr\/site\/covid1984\/wp-json\/wp\/v2\/posts\/784","targetHints":{"allow":["GET"]}}],"collection":[{"href":"https:\/\/crudelis.fr\/site\/covid1984\/wp-json\/wp\/v2\/posts"}],"about":[{"href":"https:\/\/crudelis.fr\/site\/covid1984\/wp-json\/wp\/v2\/types\/post"}],"author":[{"embeddable":true,"href":"https:\/\/crudelis.fr\/site\/covid1984\/wp-json\/wp\/v2\/users\/2"}],"replies":[{"embeddable":true,"href":"https:\/\/crudelis.fr\/site\/covid1984\/wp-json\/wp\/v2\/comments?post=784"}],"version-history":[{"count":1,"href":"https:\/\/crudelis.fr\/site\/covid1984\/wp-json\/wp\/v2\/posts\/784\/revisions"}],"predecessor-version":[{"id":2296,"href":"https:\/\/crudelis.fr\/site\/covid1984\/wp-json\/wp\/v2\/posts\/784\/revisions\/2296"}],"wp:attachment":[{"href":"https:\/\/crudelis.fr\/site\/covid1984\/wp-json\/wp\/v2\/media?parent=784"}],"wp:term":[{"taxonomy":"category","embeddable":true,"href":"https:\/\/crudelis.fr\/site\/covid1984\/wp-json\/wp\/v2\/categories?post=784"},{"taxonomy":"post_tag","embeddable":true,"href":"https:\/\/crudelis.fr\/site\/covid1984\/wp-json\/wp\/v2\/tags?post=784"}],"curies":[{"name":"wp","href":"https:\/\/api.w.org\/{rel}","templated":true}]}}