{"id":787,"date":"2021-01-04T12:37:55","date_gmt":"2021-01-04T12:37:55","guid":{"rendered":"https:\/\/covid1984.nohost.me\/blog\/?p=787"},"modified":"2022-08-20T11:09:02","modified_gmt":"2022-08-20T11:09:02","slug":"comment-les-forces-de-lordre-ont-sabote-la-manifestation-du-12-decembre-2020","status":"publish","type":"post","link":"https:\/\/crudelis.fr\/site\/covid1984\/2021\/01\/04\/comment-les-forces-de-lordre-ont-sabote-la-manifestation-du-12-decembre-2020\/","title":{"rendered":"Comment les forces de l\u2019ordre ont sabot\u00e9 la manifestation du 12 d\u00e9cembre 2020"},"content":{"rendered":"\n<p>Mediapart livre un excellent travail d'analyse sur les mensonges et la violence polici\u00e8re orchestr\u00e9e par la gouvernement lors de la manifestation du 12 d\u00e9cembre 2020.<\/p>\n\n\n\n<!--more-->\n\n\n\n<p><a rel=\"noreferrer noopener\" href=\"https:\/\/www.mediapart.fr\/journal\/france\/030121\/comment-les-forces-de-l-ordre-ont-sabote-la-manifestation-du-12-decembre-2020\" data-type=\"URL\" data-id=\"https:\/\/www.mediapart.fr\/journal\/france\/030121\/comment-les-forces-de-l-ordre-ont-sabote-la-manifestation-du-12-decembre-2020\" target=\"_blank\">Mediapart - Comment les forces de l\u2019ordre ont sabot\u00e9 la manifestation du 12 d\u00e9cembre 2020<\/a><br><em>9 minutes.<\/em><\/p>\n\n\n\n<hr class=\"wp-block-separator is-style-dots\" \/>\n\n\n\n<blockquote class=\"wp-block-quote is-layout-flow wp-block-quote-is-layout-flow\"><p><em>Mediapart a collect\u00e9 et analys\u00e9 des centaines de vid\u00e9os prises le 12 d\u00e9cembre \u00e0 Paris lors de la manifestation contre la loi \u00ab\u00a0S\u00e9curit\u00e9 globale\u00a0\u00bb. Notre enqu\u00eate d\u00e9montre le caract\u00e8re illicite de plusieurs dizaines de charges polici\u00e8res effectu\u00e9es ce jour-l\u00e0 et documente les arrestations arbitraires de manifestants, les coups port\u00e9s sans raisons et la communication mensong\u00e8re de G\u00e9rald Darmanin, notamment au regard du bilan judiciaire.<\/em><\/p><cite>Mediapart<\/cite><\/blockquote>\n","protected":false},"excerpt":{"rendered":"<p>Mediapart livre un excellent travail d'analyse sur les mensonges et la violence polici\u00e8re orchestr\u00e9e par la gouvernement lors de la manifestation du 12 d\u00e9cembre 2020.<\/p>\n","protected":false},"author":2,"featured_media":0,"comment_status":"open","ping_status":"open","sticky":false,"template":"","format":"standard","meta":{"footnotes":""},"categories":[2,77,6,10],"tags":[32],"class_list":["post-787","post","type-post","status-publish","format-standard","hentry","category-actualite","category-covid19","category-democratie","category-manifestation","tag-video"],"_links":{"self":[{"href":"https:\/\/crudelis.fr\/site\/covid1984\/wp-json\/wp\/v2\/posts\/787","targetHints":{"allow":["GET"]}}],"collection":[{"href":"https:\/\/crudelis.fr\/site\/covid1984\/wp-json\/wp\/v2\/posts"}],"about":[{"href":"https:\/\/crudelis.fr\/site\/covid1984\/wp-json\/wp\/v2\/types\/post"}],"author":[{"embeddable":true,"href":"https:\/\/crudelis.fr\/site\/covid1984\/wp-json\/wp\/v2\/users\/2"}],"replies":[{"embeddable":true,"href":"https:\/\/crudelis.fr\/site\/covid1984\/wp-json\/wp\/v2\/comments?post=787"}],"version-history":[{"count":1,"href":"https:\/\/crudelis.fr\/site\/covid1984\/wp-json\/wp\/v2\/posts\/787\/revisions"}],"predecessor-version":[{"id":2295,"href":"https:\/\/crudelis.fr\/site\/covid1984\/wp-json\/wp\/v2\/posts\/787\/revisions\/2295"}],"wp:attachment":[{"href":"https:\/\/crudelis.fr\/site\/covid1984\/wp-json\/wp\/v2\/media?parent=787"}],"wp:term":[{"taxonomy":"category","embeddable":true,"href":"https:\/\/crudelis.fr\/site\/covid1984\/wp-json\/wp\/v2\/categories?post=787"},{"taxonomy":"post_tag","embeddable":true,"href":"https:\/\/crudelis.fr\/site\/covid1984\/wp-json\/wp\/v2\/tags?post=787"}],"curies":[{"name":"wp","href":"https:\/\/api.w.org\/{rel}","templated":true}]}}