{"id":792,"date":"2021-01-06T12:00:48","date_gmt":"2021-01-06T12:00:48","guid":{"rendered":"https:\/\/covid1984.nohost.me\/blog\/?p=792"},"modified":"2022-08-20T11:09:02","modified_gmt":"2022-08-20T11:09:02","slug":"portugal-une-soignante-decede-deux-jours-apres-avoir-ete-vaccinee-contre-la-covid-19","status":"publish","type":"post","link":"https:\/\/crudelis.fr\/site\/covid1984\/2021\/01\/06\/portugal-une-soignante-decede-deux-jours-apres-avoir-ete-vaccinee-contre-la-covid-19\/","title":{"rendered":"Portugal : Une soignante d\u00e9c\u00e8de deux jours apr\u00e8s avoir \u00e9t\u00e9 vaccin\u00e9e contre la Covid-19"},"content":{"rendered":"\n<p>41 ans, en bonne sant\u00e9, d\u00e9c\u00e8s 2 jours apr\u00e8s la vaccination. Aucun lien avec la vaccination...<\/p>\n\n\n\n<!--more-->\n\n\n\n<p><a rel=\"noreferrer noopener\" href=\"https:\/\/www.actu-mag.fr\/2021\/01\/05\/portugal-une-infirmiere-decede-deux-jours-apres-avoir-ete-vaccinee-contre-la-covid-19\/\" data-type=\"URL\" data-id=\"https:\/\/www.actu-mag.fr\/2021\/01\/05\/portugal-une-infirmiere-decede-deux-jours-apres-avoir-ete-vaccinee-contre-la-covid-19\/\" target=\"_blank\">Actu-Mag - Portugal : Une soignante d\u00e9c\u00e8de deux jours apr\u00e8s avoir \u00e9t\u00e9 vaccin\u00e9e contre la Covid-19<\/a><br><em>Temps de lecture: 2 minutes.<\/em><\/p>\n\n\n\n<figure class=\"wp-block-table\"><table class=\"has-subtle-pale-pink-background-color has-background\"><tbody><tr><td><em>Pour les articles qui ne sont pas en fran\u00e7ais, vous pouvez utiliser <a rel=\"noreferrer noopener\" href=\"https:\/\/www.deepl.com\/translator\" target=\"_blank\">DeepL<\/a> pour traduire le texte en fran\u00e7ais.<\/em><\/td><\/tr><\/tbody><\/table><\/figure>\n\n\n\n<p>La source sur le Daily Mail:<br><a href=\"https:\/\/www.dailymail.co.uk\/news\/article-9111311\/Portuguese-health-worker-41-dies-two-days-getting-Pfizer-covid-vaccine.html\" data-type=\"URL\" data-id=\"https:\/\/www.dailymail.co.uk\/news\/article-9111311\/Portuguese-health-worker-41-dies-two-days-getting-Pfizer-covid-vaccine.html\" target=\"_blank\" rel=\"noreferrer noopener\">Dailymail - Portuguese health worker, 41, dies two days after getting the Pfizer covid vaccine as her father says he 'wants answers'<\/a><br><em>Temps de lecture: 4-5 minutes.<\/em><\/p>\n\n\n\n<hr class=\"wp-block-separator is-style-dots\" \/>\n\n\n\n<blockquote class=\"wp-block-quote is-layout-flow wp-block-quote-is-layout-flow\"><p><em>Sonia Acevedo, 41, suffered a 'sudden death' at home on New Year's Day 48 hours after receiving the jab. An autopsy is expected to take place later today or tomorrow.<\/em><br>---<br><em>Sonia Acevedo, 41 ans, a \u00e9t\u00e9 victime d'une \"mort subite\" \u00e0 son domicile le jour de l'an, 48 heures apr\u00e8s avoir re\u00e7u la piq\u00fbre. Une autopsie devrait avoir lieu plus tard dans la journ\u00e9e ou demain.<\/em><\/p><cite>Natalia Penza For The Mailonline<\/cite><\/blockquote>\n","protected":false},"excerpt":{"rendered":"<p>41 ans, en bonne sant\u00e9, d\u00e9c\u00e8s 2 jours apr\u00e8s la vaccination. Aucun lien avec la vaccination...<\/p>\n","protected":false},"author":2,"featured_media":0,"comment_status":"open","ping_status":"open","sticky":false,"template":"","format":"standard","meta":{"footnotes":""},"categories":[2,77,20,19],"tags":[31],"class_list":["post-792","post","type-post","status-publish","format-standard","hentry","category-actualite","category-covid19","category-danger-vaccin","category-vaccin","tag-vaccin"],"_links":{"self":[{"href":"https:\/\/crudelis.fr\/site\/covid1984\/wp-json\/wp\/v2\/posts\/792","targetHints":{"allow":["GET"]}}],"collection":[{"href":"https:\/\/crudelis.fr\/site\/covid1984\/wp-json\/wp\/v2\/posts"}],"about":[{"href":"https:\/\/crudelis.fr\/site\/covid1984\/wp-json\/wp\/v2\/types\/post"}],"author":[{"embeddable":true,"href":"https:\/\/crudelis.fr\/site\/covid1984\/wp-json\/wp\/v2\/users\/2"}],"replies":[{"embeddable":true,"href":"https:\/\/crudelis.fr\/site\/covid1984\/wp-json\/wp\/v2\/comments?post=792"}],"version-history":[{"count":1,"href":"https:\/\/crudelis.fr\/site\/covid1984\/wp-json\/wp\/v2\/posts\/792\/revisions"}],"predecessor-version":[{"id":2294,"href":"https:\/\/crudelis.fr\/site\/covid1984\/wp-json\/wp\/v2\/posts\/792\/revisions\/2294"}],"wp:attachment":[{"href":"https:\/\/crudelis.fr\/site\/covid1984\/wp-json\/wp\/v2\/media?parent=792"}],"wp:term":[{"taxonomy":"category","embeddable":true,"href":"https:\/\/crudelis.fr\/site\/covid1984\/wp-json\/wp\/v2\/categories?post=792"},{"taxonomy":"post_tag","embeddable":true,"href":"https:\/\/crudelis.fr\/site\/covid1984\/wp-json\/wp\/v2\/tags?post=792"}],"curies":[{"name":"wp","href":"https:\/\/api.w.org\/{rel}","templated":true}]}}