{"id":803,"date":"2021-01-14T12:34:00","date_gmt":"2021-01-14T12:34:00","guid":{"rendered":"https:\/\/covid1984.nohost.me\/blog\/?p=803"},"modified":"2022-08-20T11:09:01","modified_gmt":"2022-08-20T11:09:01","slug":"les-consignes-de-declaration-de-mortalite-obscurcissent-letendue-reelle-de-limpact-de-covid-sur-la-surmortalite","status":"publish","type":"post","link":"https:\/\/crudelis.fr\/site\/covid1984\/2021\/01\/14\/les-consignes-de-declaration-de-mortalite-obscurcissent-letendue-reelle-de-limpact-de-covid-sur-la-surmortalite\/","title":{"rendered":"Les consignes de d\u00e9claration de mortalit\u00e9 obscurcissent l'\u00e9tendue r\u00e9elle de l'impact de Covid sur la surmortalit\u00e9"},"content":{"rendered":"\n<p>Une analyse tr\u00e8s int\u00e9ressante du biais des certificats de d\u00e9c\u00e8s qui indique la mention du Covid, sans certitude qu'il soit responsable du d\u00e9c\u00e8s.<br>Un moyen efficace de gonfler artificiellement la mortalit\u00e9 suppos\u00e9e du virus.<\/p>\n\n\n\n<!--more-->\n\n\n\n<figure class=\"wp-block-table\"><table class=\"has-subtle-pale-pink-background-color has-background\"><tbody><tr><td><em>Pour les articles qui ne sont pas en fran\u00e7ais, vous pouvez utiliser <a rel=\"noreferrer noopener\" href=\"https:\/\/www.deepl.com\/translator\" target=\"_blank\">DeepL<\/a> pour traduire le texte en fran\u00e7ais.<\/em><\/td><\/tr><\/tbody><\/table><\/figure>\n\n\n\n<p><a href=\"https:\/\/thecritic.co.uk\/the-underlying-cause-of-death\/\" target=\"_blank\" rel=\"noreferrer noopener\">The Critic - The underlying cause of death<\/a><br><em>Temps de lecture: 8-10 minutes.<\/em><\/p>\n\n\n\n<hr class=\"wp-block-separator is-style-dots\" \/>\n\n\n\n<blockquote class=\"wp-block-quote is-layout-flow wp-block-quote-is-layout-flow\"><p><em>We should \u2013 but for reasons discussed below we frequently do not or cannot \u2013 distinguish between a death caused by Covid and a death certificate that mentions Covid.<\/em><br>---<br><em>Nous devrions - mais pour les raisons \u00e9voqu\u00e9es ci-dessous, il est fr\u00e9quent que nous ne le fassions pas ou ne puissions - faire la distinction entre un d\u00e9c\u00e8s caus\u00e9 par Covid et un certificat de d\u00e9c\u00e8s qui mentionne Covid.<\/em><\/p><cite>Antonia Stephens pour The Critic<\/cite><\/blockquote>\n\n\n\n<blockquote class=\"wp-block-quote is-layout-flow wp-block-quote-is-layout-flow\"><p><em><em>It includes an explicit instruction to \u201cavoid \u2018old age alone\u2019\u201d as the sole cause of death and to \u201cnever use \u2018natural causes\u2019 alone\u201d. Important voices have stressed the importance of recording all instances where Covid may have contributed to a death, even if no test was carried out.<\/em><\/em><br>---<br><em>Il comprend une instruction explicite \"d'\u00e9viter la vieillesse seule\" comme l'unique cause de d\u00e9c\u00e8s et de \"ne jamais utiliser les \"causes naturelles\" seules\". Des voix importantes ont soulign\u00e9 l'importance d'enregistrer tous les cas o\u00f9 le Covid peut avoir contribu\u00e9 \u00e0 un d\u00e9c\u00e8s, m\u00eame si aucun test n'a \u00e9t\u00e9 effectu\u00e9.<\/em><\/p><cite>Antonia Stephens pour The Critic<\/cite><\/blockquote>\n\n\n\n<blockquote class=\"wp-block-quote is-layout-flow wp-block-quote-is-layout-flow\"><p><em><em><em>World Health Organization (WHO) guidelines specify that \u201cCovid-19 should be recorded on the medical certificate of cause of death for ALL decedents where the disease caused, or is assumed to have caused, or contributed to death\u201d. Assumed to have caused or merely contributed to a death is not a very high bar.<\/em><\/em><\/em><br>---<br><em>Les directives de l'Organisation mondiale de la sant\u00e9 (OMS) pr\u00e9cisent que \"le Covid-19 doit \u00eatre inscrit sur le certificat m\u00e9dical de la cause du d\u00e9c\u00e8s pour TOUS les d\u00e9funts lorsque la maladie a caus\u00e9, ou est suppos\u00e9e avoir caus\u00e9, ou contribu\u00e9 au d\u00e9c\u00e8s\". La pr\u00e9somption d'avoir caus\u00e9 ou simplement contribu\u00e9 \u00e0 un d\u00e9c\u00e8s n'est pas une barre tr\u00e8s \u00e9lev\u00e9e.<\/em><\/p><cite>Antonia Stephens pour The Critic<\/cite><\/blockquote>\n\n\n\n<blockquote class=\"wp-block-quote is-layout-flow wp-block-quote-is-layout-flow\"><p><em><em><em>When Covid is detected, therefore, WHO guidelines appear to demand that it be included on a death certificate, if it cannot be ruled out as having contributed to a death.<\/em><\/em><\/em><br>---<br><em>Lorsque le Covid est d\u00e9tect\u00e9, les directives de l'OMS semblent donc exiger qu'il figure sur un certificat de d\u00e9c\u00e8s, si l'on ne peut exclure qu'il ait contribu\u00e9 \u00e0 un d\u00e9c\u00e8s.<\/em><\/p><cite>Antonia Stephens pour The Critic<\/cite><\/blockquote>\n\n\n\n<blockquote class=\"wp-block-quote is-layout-flow wp-block-quote-is-layout-flow\"><p><em><em><em>Clearly, we shall never know how many people died of Covid, only how many doctors felt compelled to record Covid on a death certificate. Nor will we ever have accurate data for the number of deaths caused directly and indirectly by policies introduced in response to the pandemic. The manner in which data has been compiled and presented to the public has served to obscure rather than clarify the true impact of the novel coronavirus on public health.<\/em><\/em><\/em><br>---<br><em>Il est clair que nous ne saurons jamais combien de personnes sont mortes de Covid, mais seulement combien de m\u00e9decins se sont sentis oblig\u00e9s d'inscrire Covid sur un certificat de d\u00e9c\u00e8s. Nous ne disposerons jamais non plus de donn\u00e9es pr\u00e9cises sur le nombre de d\u00e9c\u00e8s caus\u00e9s directement et indirectement par les politiques mises en place en r\u00e9ponse \u00e0 la pand\u00e9mie. La mani\u00e8re dont les donn\u00e9es ont \u00e9t\u00e9 compil\u00e9es et pr\u00e9sent\u00e9es au public a servi \u00e0 obscurcir plut\u00f4t qu'\u00e0 clarifier le v\u00e9ritable impact du nouveau coronavirus sur la sant\u00e9 publique.<\/em><\/p><cite>Antonia Stephens pour The Critic<\/cite><\/blockquote>\n\n\n\n<hr class=\"wp-block-separator is-style-dots\" \/>\n\n\n\n<p>La notion de \"cause sous-jacente du d\u00e9c\u00e8s\" (Underlying cause of death) avait d\u00e9j\u00e0 d\u00e9j\u00e0 \u00e9t\u00e9 expliqu\u00e9 pr\u00e9c\u00e9demment ici: <a rel=\"noreferrer noopener\" href=\"https:\/\/crudelis.fr\/site\/covid1984\/2020\/11\/01\/donnees-du-certificat-de-deces-covid-19-comme-cause-sous-jacente-du-deces\/\" target=\"_blank\">Donn\u00e9es du certificat de d\u00e9c\u00e8s : COVID-19 comme cause sous-jacente du d\u00e9c\u00e8s<\/a><\/p>\n","protected":false},"excerpt":{"rendered":"<p>Une analyse tr\u00e8s int\u00e9ressante du biais des certificats de d\u00e9c\u00e8s qui indique la mention du Covid, sans certitude qu'il soit responsable du d\u00e9c\u00e8s.Un moyen efficace de gonfler artificiellement la mortalit\u00e9 suppos\u00e9e du virus.<\/p>\n","protected":false},"author":2,"featured_media":0,"comment_status":"open","ping_status":"open","sticky":false,"template":"","format":"standard","meta":{"footnotes":""},"categories":[77,12,17],"tags":[28],"class_list":["post-803","post","type-post","status-publish","format-standard","hentry","category-covid19","category-mortalite","category-ressources","tag-relativiser"],"_links":{"self":[{"href":"https:\/\/crudelis.fr\/site\/covid1984\/wp-json\/wp\/v2\/posts\/803","targetHints":{"allow":["GET"]}}],"collection":[{"href":"https:\/\/crudelis.fr\/site\/covid1984\/wp-json\/wp\/v2\/posts"}],"about":[{"href":"https:\/\/crudelis.fr\/site\/covid1984\/wp-json\/wp\/v2\/types\/post"}],"author":[{"embeddable":true,"href":"https:\/\/crudelis.fr\/site\/covid1984\/wp-json\/wp\/v2\/users\/2"}],"replies":[{"embeddable":true,"href":"https:\/\/crudelis.fr\/site\/covid1984\/wp-json\/wp\/v2\/comments?post=803"}],"version-history":[{"count":1,"href":"https:\/\/crudelis.fr\/site\/covid1984\/wp-json\/wp\/v2\/posts\/803\/revisions"}],"predecessor-version":[{"id":2291,"href":"https:\/\/crudelis.fr\/site\/covid1984\/wp-json\/wp\/v2\/posts\/803\/revisions\/2291"}],"wp:attachment":[{"href":"https:\/\/crudelis.fr\/site\/covid1984\/wp-json\/wp\/v2\/media?parent=803"}],"wp:term":[{"taxonomy":"category","embeddable":true,"href":"https:\/\/crudelis.fr\/site\/covid1984\/wp-json\/wp\/v2\/categories?post=803"},{"taxonomy":"post_tag","embeddable":true,"href":"https:\/\/crudelis.fr\/site\/covid1984\/wp-json\/wp\/v2\/tags?post=803"}],"curies":[{"name":"wp","href":"https:\/\/api.w.org\/{rel}","templated":true}]}}