{"id":805,"date":"2021-01-14T12:41:32","date_gmt":"2021-01-14T12:41:32","guid":{"rendered":"https:\/\/covid1984.nohost.me\/blog\/?p=805"},"modified":"2022-08-20T11:09:01","modified_gmt":"2022-08-20T11:09:01","slug":"cet-embarrassant-consentement-avant-vaccination","status":"publish","type":"post","link":"https:\/\/crudelis.fr\/site\/covid1984\/2021\/01\/14\/cet-embarrassant-consentement-avant-vaccination\/","title":{"rendered":"Cet embarrassant  consentement avant vaccination"},"content":{"rendered":"\n<p>Quand le consentement et l'information pr\u00e9alable deviennent une contrainte pour la vaccination massive, il y a lieu de se demander si l'objectif est l'int\u00e9r\u00eat de la population ou celui des laboratoires.<\/p>\n\n\n\n<!--more-->\n\n\n\n<p><a href=\"https:\/\/lecourrier-du-soir.com\/vaccination-lors-dune-reunion-privee-a-lelysee-macron-tres-en-colere-appelle-a-eliminer-le-consentement\/\" data-type=\"URL\" data-id=\"https:\/\/lecourrier-du-soir.com\/vaccination-lors-dune-reunion-privee-a-lelysee-macron-tres-en-colere-appelle-a-eliminer-le-consentement\/\" target=\"_blank\" rel=\"noreferrer noopener\">Le courrier du soir - Vaccination : lors d\u2019une r\u00e9union priv\u00e9e \u00e0 l\u2019Elys\u00e9e, Macron, tr\u00e8s en col\u00e8re, appelle \u00e0 \u00e9liminer le consentement<\/a><br><em>Temps de lecture: 3-4 minutes.<\/em><\/p>\n\n\n\n<hr class=\"wp-block-separator is-style-dots\" \/>\n\n\n\n<blockquote class=\"wp-block-quote is-layout-flow wp-block-quote-is-layout-flow\"><p><em>Lors d\u2019un \u00e9change priv\u00e9 tr\u00e8s tendu, Emmanuel Macron a ouvertement demand\u00e9 \u00e0 faire sauter le principe de consentement pourtant obligatoire avant de vacciner une personne<\/em>.<\/p><cite>Cheikh Dieng pour Le courrier du soir<\/cite><\/blockquote>\n\n\n\n<blockquote class=\"wp-block-quote is-layout-flow wp-block-quote-is-layout-flow\"><p><em><em>\u201cJe veux qu\u2019on acc\u00e9l\u00e8re vraiment sur les vaccins. Je ne comprends pas pourquoi on impose une consultation m\u00e9dicale avant,\u00a0<strong>faites-moi sauter \u00e7a\u00a0!<\/strong>\u201c<\/em><\/em><\/p><cite>Emmanuel Macron<\/cite><\/blockquote>\n","protected":false},"excerpt":{"rendered":"<p>Quand le consentement et l'information pr\u00e9alable deviennent une contrainte pour la vaccination massive, il y a lieu de se demander si l'objectif est l'int\u00e9r\u00eat de la population ou celui des laboratoires.<\/p>\n","protected":false},"author":2,"featured_media":0,"comment_status":"open","ping_status":"open","sticky":false,"template":"","format":"standard","meta":{"footnotes":""},"categories":[2,77,14,19],"tags":[31],"class_list":["post-805","post","type-post","status-publish","format-standard","hentry","category-actualite","category-covid19","category-pourquoi","category-vaccin","tag-vaccin"],"_links":{"self":[{"href":"https:\/\/crudelis.fr\/site\/covid1984\/wp-json\/wp\/v2\/posts\/805","targetHints":{"allow":["GET"]}}],"collection":[{"href":"https:\/\/crudelis.fr\/site\/covid1984\/wp-json\/wp\/v2\/posts"}],"about":[{"href":"https:\/\/crudelis.fr\/site\/covid1984\/wp-json\/wp\/v2\/types\/post"}],"author":[{"embeddable":true,"href":"https:\/\/crudelis.fr\/site\/covid1984\/wp-json\/wp\/v2\/users\/2"}],"replies":[{"embeddable":true,"href":"https:\/\/crudelis.fr\/site\/covid1984\/wp-json\/wp\/v2\/comments?post=805"}],"version-history":[{"count":1,"href":"https:\/\/crudelis.fr\/site\/covid1984\/wp-json\/wp\/v2\/posts\/805\/revisions"}],"predecessor-version":[{"id":2290,"href":"https:\/\/crudelis.fr\/site\/covid1984\/wp-json\/wp\/v2\/posts\/805\/revisions\/2290"}],"wp:attachment":[{"href":"https:\/\/crudelis.fr\/site\/covid1984\/wp-json\/wp\/v2\/media?parent=805"}],"wp:term":[{"taxonomy":"category","embeddable":true,"href":"https:\/\/crudelis.fr\/site\/covid1984\/wp-json\/wp\/v2\/categories?post=805"},{"taxonomy":"post_tag","embeddable":true,"href":"https:\/\/crudelis.fr\/site\/covid1984\/wp-json\/wp\/v2\/tags?post=805"}],"curies":[{"name":"wp","href":"https:\/\/api.w.org\/{rel}","templated":true}]}}