{"id":81,"date":"2020-10-30T03:46:16","date_gmt":"2020-10-30T03:46:16","guid":{"rendered":"https:\/\/covid1984.nohost.me\/?p=81"},"modified":"2022-08-20T11:10:41","modified_gmt":"2022-08-20T11:10:41","slug":"surveillance-des-cas-de-covid-19-hospitalises-en-reanimation","status":"publish","type":"post","link":"https:\/\/crudelis.fr\/site\/covid1984\/2020\/10\/30\/surveillance-des-cas-de-covid-19-hospitalises-en-reanimation\/","title":{"rendered":"Surveillance des cas de COVID-19 hospitalis\u00e9s en r\u00e9animation"},"content":{"rendered":"\n<p>Un document qui \u00e9tait disponible sur le site de <a rel=\"noreferrer noopener\" href=\"https:\/\/www.santepubliquefrance.fr\/dossiers\/coronavirus-covid-19\/covid-19-outils-pour-les-professionnels-de-sante\" data-type=\"URL\" data-id=\"https:\/\/www.santepubliquefrance.fr\/dossiers\/coronavirus-covid-19\/covid-19-outils-pour-les-professionnels-de-sante\" target=\"_blank\">Sant\u00e9 publique France<\/a> jusqu'au 20 octobre 2020, qui \u00e9claire sur les \"malades\" du covid en r\u00e9animation.<\/p>\n\n\n\n<!--more-->\n\n\n\n<figure class=\"wp-block-table\"><table class=\"has-background\" style=\"background-color:#f3f4f5\"><tbody><tr><td class=\"has-text-align-center\" data-align=\"center\"><strong>SOURCE OFFICIELLE<\/strong><br><br>Cet article est issue d'une source officielle.<\/td><\/tr><\/tbody><\/table><\/figure>\n\n\n\n<div data-wp-interactive=\"core\/file\" class=\"wp-block-file\"><object data-wp-bind--hidden=\"!state.hasPdfPreview\" hidden class=\"wp-block-file__embed\" data=\"https:\/\/crudelis.fr\/site\/covid1984\/wp-content\/uploads\/sites\/8\/2020\/10\/COVID-19_questionnaire_cas_graves_reanimation_200420.pdf\" type=\"application\/pdf\" style=\"width:100%;height:600px\" aria-label=\"Embed of Embed of COVID-19_questionnaire_cas_graves_reanimation_200420..\"><\/object><a id=\"wp-block-file--media-d4aba3ab-eb4c-41b7-a179-70fe1c71b3a2\" href=\"https:\/\/crudelis.fr\/site\/covid1984\/wp-content\/uploads\/sites\/8\/2020\/10\/COVID-19_questionnaire_cas_graves_reanimation_200420.pdf\">COVID-19_questionnaire_cas_graves_reanimation_200420<\/a><a href=\"https:\/\/crudelis.fr\/site\/covid1984\/wp-content\/uploads\/sites\/8\/2020\/10\/COVID-19_questionnaire_cas_graves_reanimation_200420.pdf\" class=\"wp-block-file__button\" download aria-describedby=\"wp-block-file--media-d4aba3ab-eb4c-41b7-a179-70fe1c71b3a2\">T\u00e9l\u00e9charger<\/a><\/div>\n\n\n\n<hr class=\"wp-block-separator has-css-opacity is-style-dots\"\/>\n\n\n\n<blockquote class=\"wp-block-quote is-style-default is-layout-flow wp-block-quote-is-layout-flow\"><p><em>A remplir pour tout cas confirm\u00e9 ou cas probable de COVID-19<\/em><\/p><cite>Sant\u00e9 publique France<\/cite><\/blockquote>\n\n\n\n<blockquote class=\"wp-block-quote is-style-default is-layout-flow wp-block-quote-is-layout-flow\"><p><em><strong>Cas confirm\u00e9 :<\/strong> patient hospitalis\u00e9 dans un service de r\u00e9animation et pr\u00e9sentant un diagnostic de COVID-19 confirm\u00e9 biologiquement<\/em><br><em><strong>Cas probable :<\/strong> patient hospitalis\u00e9 dans un service de r\u00e9animation et pr\u00e9sentant une TDM thoracique \u00e9vocatrice de diagnostic de COVID-19<\/em><\/p><cite>Sant\u00e9 publique France<\/cite><\/blockquote>\n\n\n\n<hr class=\"wp-block-separator has-css-opacity is-style-dots\"\/>\n\n\n\n<p>Ce document, t\u00e9l\u00e9charg\u00e9 le 8 octobre 2020, n'est plus disponible et manifestement remplac\u00e9 par un nouveau document depuis le 21 octobre.<br>Toutefois, la Wayback Machine en trouve encore la trace le 20 octobre : <a rel=\"noreferrer noopener\" href=\"https:\/\/web.archive.org\/web\/20201020222231\/https:\/\/www.santepubliquefrance.fr\/dossiers\/coronavirus-covid-19\/covid-19-outils-pour-les-professionnels-de-sante\" target=\"_blank\">https:\/\/web.archive.org\/web\/20201020222231\/https:\/\/www.santepubliquefrance.fr\/dossiers\/coronavirus-covid-19\/covid-19-outils-pour-les-professionnels-de-sante<\/a><\/p>\n\n\n\n<p>Il est m\u00eame possible de t\u00e9l\u00e9charger encore le fichier en question, pour le moment du moins : <a href=\"https:\/\/web.archive.org\/web\/20200923111923\/https:\/\/www.santepubliquefrance.fr\/content\/download\/240305\/file\/COVID-19_questionnaire_cas_graves_reanimation_200420.pdf\" target=\"_blank\" rel=\"noreferrer noopener\">https:\/\/web.archive.org\/web\/20200923111923\/https:\/\/www.santepubliquefrance.fr\/content\/download\/240305\/file\/COVID-19_questionnaire_cas_graves_reanimation_200420.pdf<\/a><\/p>\n\n\n\n<p>Ce document devrait faire r\u00e9fl\u00e9chir \u00e0 la question r\u00e9currente :<br>Malade <strong>du<\/strong> covid ou malade <strong>avec<\/strong> le covid ?<\/p>\n","protected":false},"excerpt":{"rendered":"<p>Un document qui \u00e9tait disponible sur le site de Sant\u00e9 publique France jusqu'au 20 octobre 2020, qui \u00e9claire sur les \"malades\" du covid en r\u00e9animation.<\/p>\n","protected":false},"author":2,"featured_media":0,"comment_status":"open","ping_status":"open","sticky":false,"template":"","format":"standard","meta":{"footnotes":""},"categories":[77,16,17],"tags":[25,28],"class_list":["post-81","post","type-post","status-publish","format-standard","hentry","category-covid19","category-reanimation","category-ressources","tag-officiel","tag-relativiser"],"_links":{"self":[{"href":"https:\/\/crudelis.fr\/site\/covid1984\/wp-json\/wp\/v2\/posts\/81","targetHints":{"allow":["GET"]}}],"collection":[{"href":"https:\/\/crudelis.fr\/site\/covid1984\/wp-json\/wp\/v2\/posts"}],"about":[{"href":"https:\/\/crudelis.fr\/site\/covid1984\/wp-json\/wp\/v2\/types\/post"}],"author":[{"embeddable":true,"href":"https:\/\/crudelis.fr\/site\/covid1984\/wp-json\/wp\/v2\/users\/2"}],"replies":[{"embeddable":true,"href":"https:\/\/crudelis.fr\/site\/covid1984\/wp-json\/wp\/v2\/comments?post=81"}],"version-history":[{"count":1,"href":"https:\/\/crudelis.fr\/site\/covid1984\/wp-json\/wp\/v2\/posts\/81\/revisions"}],"predecessor-version":[{"id":2008,"href":"https:\/\/crudelis.fr\/site\/covid1984\/wp-json\/wp\/v2\/posts\/81\/revisions\/2008"}],"wp:attachment":[{"href":"https:\/\/crudelis.fr\/site\/covid1984\/wp-json\/wp\/v2\/media?parent=81"}],"wp:term":[{"taxonomy":"category","embeddable":true,"href":"https:\/\/crudelis.fr\/site\/covid1984\/wp-json\/wp\/v2\/categories?post=81"},{"taxonomy":"post_tag","embeddable":true,"href":"https:\/\/crudelis.fr\/site\/covid1984\/wp-json\/wp\/v2\/tags?post=81"}],"curies":[{"name":"wp","href":"https:\/\/api.w.org\/{rel}","templated":true}]}}