{"id":811,"date":"2021-01-16T00:58:02","date_gmt":"2021-01-16T00:58:02","guid":{"rendered":"https:\/\/covid1984.nohost.me\/blog\/?p=811"},"modified":"2022-08-20T11:08:44","modified_gmt":"2022-08-20T11:08:44","slug":"cash-investigation-les-vendeurs-de-maladies","status":"publish","type":"post","link":"https:\/\/crudelis.fr\/site\/covid1984\/2021\/01\/16\/cash-investigation-les-vendeurs-de-maladies\/","title":{"rendered":"Cash investigation - Les vendeurs de maladies"},"content":{"rendered":"\n<p>Depuis une quinzaine d\u2019ann\u00e9es, de grands laboratoires inventent des maladies pour vendre toujours plus de m\u00e9dicaments ! Fausses pathologies, syndromes fictifs\u2026, cette pratique \u00e0 but commercial peut nuire gravement \u00e0 la sant\u00e9 \u00e0 cause des effets secondaires de ces m\u00e9dicaments.<\/p>\n\n\n\n<!--more-->\n\n\n\n<p><a rel=\"noreferrer noopener\" href=\"https:\/\/www.youtube.com\/watch?v=TIusRRwmAC0\" data-type=\"URL\" data-id=\"https:\/\/www.youtube.com\/watch?v=TIusRRwmAC0\" target=\"_blank\">YouTube - Cash investigation - Les vendeurs de maladies (Int\u00e9grale)<\/a><br><em>1 heure, 12 minutes.<\/em><\/p>\n\n\n\n<hr class=\"wp-block-separator is-style-dots\" \/>\n\n\n\n<blockquote class=\"wp-block-quote is-layout-flow wp-block-quote-is-layout-flow\"><p><em>Depuis une quinzaine d'ann\u00e9es maintenant, certains laboratoires pharmaceutiques inventent, cr\u00e9ent de toute pi\u00e8ce des maladies, uniquement dans le but de nous vendre toujours plus de m\u00e9dicaments.<\/em><\/p><cite>Elise Lucet<\/cite><\/blockquote>\n\n\n\n<blockquote class=\"wp-block-quote is-layout-flow wp-block-quote-is-layout-flow\"><p><em><em>Les compagnies pharmaceutiques veulent des march\u00e9s toujours plus gros, pour y arriver elle cr\u00e9ent de nouveaux m\u00e9dicaments pour soigner des maladies, mais une autre fa\u00e7on de faire c'est aussi de cr\u00e9er de nouvelles maladies pour vendre leurs m\u00e9dicaments.<\/em><\/em><\/p><cite>Pr Marcia Angell<\/cite><\/blockquote>\n\n\n\n<blockquote class=\"wp-block-quote is-layout-flow wp-block-quote-is-layout-flow\"><p><em><em><em>Si vous vous int\u00e9ressez \u00e0 ces maladies, dont les labos parlent sans arr\u00eat, ce sont en g\u00e9n\u00e9ral des maladies mal d\u00e9finies, des maladies qui touchent principalement des gens normaux. Et au final ils parviennent \u00e0 faire croire \u00e0 une large partie de la population qu'elle peut \u00eatre victime de ces maladies. Et ainsi le march\u00e9 s'agrandit.<\/em><\/em><\/em><br><em>Parfois ils cr\u00e9ent des maladies de toute pi\u00e8ce, parfois ils \u00e9tendent le p\u00e9rim\u00e8tre des maladies. De toute fa\u00e7on, le march\u00e9 s'agrandit.<\/em><\/p><cite>Pr Marcia Angell<\/cite><\/blockquote>\n\n\n\n<blockquote class=\"wp-block-quote is-layout-flow wp-block-quote-is-layout-flow\"><p><em><em><em>Quand on invente plus de m\u00e9dicaments, on \u00e9tends le march\u00e9 de chaque maladie, on \u00e9tends le p\u00e9rim\u00e8tre de chaque maladie.<\/em><\/em><\/em><\/p><cite>Pr Philippe Even<\/cite><\/blockquote>\n\n\n\n<hr class=\"wp-block-separator is-style-dots\" \/>\n\n\n\n<p>Le documentaire aborde notamment le <a rel=\"noreferrer noopener\" href=\"https:\/\/www.doctissimo.fr\/html\/dossiers\/syndrome-metabolique\/9407-syndrome-metabolique-peur.htm\" target=\"_blank\">syndrome m\u00e9tabolique<\/a>, pr\u00e9sent\u00e9 comme une v\u00e9ritable maladie qui se soigne avec le <a rel=\"noreferrer noopener\" href=\"https:\/\/www.revmed.ch\/RMS\/2006\/RMS-47\/30911\" target=\"_blank\">Rimonabant<\/a>, m\u00e9dicament miracle commercialis\u00e9 sous le nom de <a rel=\"noreferrer noopener\" href=\"https:\/\/www.has-sante.fr\/jcms\/pprd_2985367\/fr\/acomplia\" target=\"_blank\">Acomplia<\/a>.<\/p>\n\n\n\n<p>La communication bien huil\u00e9e oubliera de pr\u00e9ciser que le m\u00e9dicament est responsable de troubles d\u00e9pressif et de suicides.<\/p>\n\n\n\n<p>Pourtant, l'agence europ\u00e9enne du m\u00e9dicament, inform\u00e9es des effets secondaires graves, autorisera le m\u00e9dicament et dissimulera dans un premier temps les r\u00e9sultats des recherches.<\/p>\n\n\n\n<p>La deuxi\u00e8me \"maladie\" abord\u00e9e est tr\u00e8s actuelle puisqu'il s'agit de l'<a rel=\"noreferrer noopener\" href=\"https:\/\/www.doctissimo.fr\/html\/sante\/encyclopedie\/sa_1079_rose.htm\" target=\"_blank\">ost\u00e9oporose<\/a>, soign\u00e9e avec l'acide alendronique sous le nom <a rel=\"noreferrer noopener\" href=\"https:\/\/www.doctissimo.fr\/medicament-FOSAMAX.htm\" target=\"_blank\">Fosamax<\/a>.<\/p>\n\n\n\n<p>La professeur Marcia Angell dit \u00e0 ce sujet:<\/p>\n\n\n\n<blockquote class=\"wp-block-quote is-layout-flow wp-block-quote-is-layout-flow\"><p><em>Apr\u00e8s un certain \u00e2ge, si vous avez une maladie que tout le monde a, alors c'est une erreur de la traiter comme une maladie et de prendre un m\u00e9dicament pour \u00e7a.<\/em><\/p><cite>Pr Marcia Angell<\/cite><\/blockquote>\n\n\n\n<p>Le Fosamax, dans son interminable liste d'effets secondaires, indique notamment l'ost\u00e9on\u00e9crose de la m\u00e2choire, effet secondaire extr\u00eamement grave qui est illustr\u00e9 dans ce documentaire.<\/p>\n\n\n\n<p>On y apprend \u00e9galement que l'Afssaps (l'Agence nationale de s\u00e9curit\u00e9 du m\u00e9dicament et des produits de sant\u00e9) s'est content\u00e9 de citer les \u00e9tudes du laboratoire Merck, sans consid\u00e9rer les effets secondaires graves, pour autoriser un m\u00e9dicament cens\u00e9 soigner une \"maladie\" dont les effets sont extr\u00eamement rares.<\/p>\n\n\n\n<p>Merck (MSD) se veut toutefois rassurant<\/p>\n\n\n\n<blockquote class=\"wp-block-quote is-layout-flow wp-block-quote-is-layout-flow\"><p><em>Rien n'est plus important pour MSD que la s\u00e9curit\u00e9 de nos m\u00e9dicaments et celle des patients qui les utilisent.<\/em><\/p><cite>MSD<\/cite><\/blockquote>\n","protected":false},"excerpt":{"rendered":"<p>Depuis une quinzaine d\u2019ann\u00e9es, de grands laboratoires inventent des maladies pour vendre toujours plus de m\u00e9dicaments ! Fausses pathologies, syndromes fictifs\u2026, cette pratique \u00e0 but commercial peut nuire gravement \u00e0 la sant\u00e9 \u00e0 cause des effets secondaires de ces m\u00e9dicaments.<\/p>\n","protected":false},"author":2,"featured_media":0,"comment_status":"open","ping_status":"open","sticky":false,"template":"","format":"standard","meta":{"footnotes":""},"categories":[77,7,14,17],"tags":[28,32],"class_list":["post-811","post","type-post","status-publish","format-standard","hentry","category-covid19","category-documentaire","category-pourquoi","category-ressources","tag-relativiser","tag-video"],"_links":{"self":[{"href":"https:\/\/crudelis.fr\/site\/covid1984\/wp-json\/wp\/v2\/posts\/811","targetHints":{"allow":["GET"]}}],"collection":[{"href":"https:\/\/crudelis.fr\/site\/covid1984\/wp-json\/wp\/v2\/posts"}],"about":[{"href":"https:\/\/crudelis.fr\/site\/covid1984\/wp-json\/wp\/v2\/types\/post"}],"author":[{"embeddable":true,"href":"https:\/\/crudelis.fr\/site\/covid1984\/wp-json\/wp\/v2\/users\/2"}],"replies":[{"embeddable":true,"href":"https:\/\/crudelis.fr\/site\/covid1984\/wp-json\/wp\/v2\/comments?post=811"}],"version-history":[{"count":1,"href":"https:\/\/crudelis.fr\/site\/covid1984\/wp-json\/wp\/v2\/posts\/811\/revisions"}],"predecessor-version":[{"id":2283,"href":"https:\/\/crudelis.fr\/site\/covid1984\/wp-json\/wp\/v2\/posts\/811\/revisions\/2283"}],"wp:attachment":[{"href":"https:\/\/crudelis.fr\/site\/covid1984\/wp-json\/wp\/v2\/media?parent=811"}],"wp:term":[{"taxonomy":"category","embeddable":true,"href":"https:\/\/crudelis.fr\/site\/covid1984\/wp-json\/wp\/v2\/categories?post=811"},{"taxonomy":"post_tag","embeddable":true,"href":"https:\/\/crudelis.fr\/site\/covid1984\/wp-json\/wp\/v2\/tags?post=811"}],"curies":[{"name":"wp","href":"https:\/\/api.w.org\/{rel}","templated":true}]}}