{"id":813,"date":"2021-01-15T12:09:29","date_gmt":"2021-01-15T12:09:29","guid":{"rendered":"https:\/\/covid1984.nohost.me\/blog\/?p=813"},"modified":"2022-08-20T11:08:45","modified_gmt":"2022-08-20T11:08:45","slug":"une-entreprise-anglaise-veut-faire-des-contrats-pas-de-vaccin-pas-de-travail","status":"publish","type":"post","link":"https:\/\/crudelis.fr\/site\/covid1984\/2021\/01\/15\/une-entreprise-anglaise-veut-faire-des-contrats-pas-de-vaccin-pas-de-travail\/","title":{"rendered":"Une entreprise anglaise veut  faire des contrats \"Pas de vaccin, pas de travail\""},"content":{"rendered":"\n<p>Comme attendu, la dictature sanitaire s'\u00e9tend au monde du travail avec des tentatives d'imposer la vaccination pour avoir le droit de travailler.<br>Bient\u00f4t, affirmer que la vaccination \u00e9tait annonc\u00e9e comme non obligatoire sera du complotisme...<\/p>\n\n\n\n<!--more-->\n\n\n\n<figure class=\"wp-block-table\"><table class=\"has-subtle-pale-pink-background-color has-background\"><tbody><tr><td><em>Pour les articles qui ne sont pas en fran\u00e7ais, vous pouvez utiliser <a rel=\"noreferrer noopener\" href=\"https:\/\/www.deepl.com\/translator\" target=\"_blank\">DeepL<\/a> pour traduire le texte en fran\u00e7ais.<\/em><\/td><\/tr><\/tbody><\/table><\/figure>\n\n\n\n<p><a href=\"https:\/\/www.theguardian.com\/business\/2021\/jan\/14\/pimlico-plumbers-to-introduce-no-jab-no-job-work-contracts-covid\" data-type=\"URL\" data-id=\"https:\/\/www.theguardian.com\/business\/2021\/jan\/14\/pimlico-plumbers-to-introduce-no-jab-no-job-work-contracts-covid\" target=\"_blank\" rel=\"noreferrer noopener\">The Guardian - Pimlico Plumbers to introduce 'no jab, no job' work contracts<\/a><br><em>Temps de lecture: 3-4 minutes.<\/em><\/p>\n\n\n\n<hr class=\"wp-block-separator is-style-dots\" \/>\n\n\n\n<blockquote class=\"wp-block-quote is-layout-flow wp-block-quote-is-layout-flow\"><p><em><em><em>Charlie Mullins, Pimlico\u2019s founder and former chief executive, now chairman, said the company\u2019s lawyers were drafting new employment contracts for its 400-strong workforce to include the vaccine requirement, although employment lawyers questioned whether it would be legally enforceable.<\/em><\/em><\/em><br>---<br><em>Charlie Mullins, fondateur et ancien directeur g\u00e9n\u00e9ral de Pimlico, aujourd'hui pr\u00e9sident, a d\u00e9clar\u00e9 que les avocats de la soci\u00e9t\u00e9 \u00e9taient en train de r\u00e9diger de nouveaux contrats de travail pour ses 400 employ\u00e9s afin d'inclure l'exigence du vaccin, bien que les avocats du travail se soient demand\u00e9 si elle serait l\u00e9galement applicable.<\/em><\/p><cite>Jasper Jolly pour The Guardian<\/cite><\/blockquote>\n\n\n\n<blockquote class=\"wp-block-quote is-layout-flow wp-block-quote-is-layout-flow\"><p><em>However, employment lawyers said attempts by companies to force employees to be vaccinated could lead to claims of discrimination or constructive dismissal, potentially opening employers up to expensive compensation claims. Not even the UK government has the power to force citizens to be vaccinated.<\/em><br>---<br><em>Cependant, les avocats sp\u00e9cialis\u00e9s dans le domaine de l'emploi ont d\u00e9clar\u00e9 que les tentatives des entreprises de forcer les employ\u00e9s \u00e0 se faire vacciner pouvaient donner lieu \u00e0 des plaintes pour discrimination ou pour licenciement d\u00e9guis\u00e9, ce qui pourrait ouvrir aux employeurs la voie \u00e0 des demandes d'indemnisation co\u00fbteuses. M\u00eame le gouvernement britannique n'a pas le pouvoir de forcer les citoyens \u00e0 se faire vacciner.<\/em><\/p><cite>Jasper Jolly pour The Guardian<\/cite><\/blockquote>\n\n\n\n<blockquote class=\"wp-block-quote is-layout-flow wp-block-quote-is-layout-flow\"><p><em><em>\u201cIf one of my staff members says: \u2018No, I\u2019m against it\u2019, then I\u2019m going to have to say: \u2018I\u2019m sorry you are a threat to my business\u2019,\u201d its chief executive, Peter Strong, told Australia\u2019s 7News.<\/em><\/em><br>---<br><em>Si un membre de mon personnel dit : \"Non, je suis contre\", alors je vais devoir dire : \"Je suis d\u00e9sol\u00e9 vous \u00eates une menace pour mon entreprise\", a d\u00e9clar\u00e9 son directeur g\u00e9n\u00e9ral, Peter Strong, \u00e0 la chaine australienne 7News.<\/em><\/p><cite>Jasper Jolly pour The Guardian<\/cite><\/blockquote>\n\n\n\n<p><\/p>\n","protected":false},"excerpt":{"rendered":"<p>Comme attendu, la dictature sanitaire s'\u00e9tend au monde du travail avec des tentatives d'imposer la vaccination pour avoir le droit de travailler.Bient\u00f4t, affirmer que la vaccination \u00e9tait annonc\u00e9e comme non obligatoire sera du complotisme...<\/p>\n","protected":false},"author":2,"featured_media":0,"comment_status":"open","ping_status":"open","sticky":false,"template":"","format":"standard","meta":{"footnotes":""},"categories":[2,77,19],"tags":[31],"class_list":["post-813","post","type-post","status-publish","format-standard","hentry","category-actualite","category-covid19","category-vaccin","tag-vaccin"],"_links":{"self":[{"href":"https:\/\/crudelis.fr\/site\/covid1984\/wp-json\/wp\/v2\/posts\/813","targetHints":{"allow":["GET"]}}],"collection":[{"href":"https:\/\/crudelis.fr\/site\/covid1984\/wp-json\/wp\/v2\/posts"}],"about":[{"href":"https:\/\/crudelis.fr\/site\/covid1984\/wp-json\/wp\/v2\/types\/post"}],"author":[{"embeddable":true,"href":"https:\/\/crudelis.fr\/site\/covid1984\/wp-json\/wp\/v2\/users\/2"}],"replies":[{"embeddable":true,"href":"https:\/\/crudelis.fr\/site\/covid1984\/wp-json\/wp\/v2\/comments?post=813"}],"version-history":[{"count":1,"href":"https:\/\/crudelis.fr\/site\/covid1984\/wp-json\/wp\/v2\/posts\/813\/revisions"}],"predecessor-version":[{"id":2289,"href":"https:\/\/crudelis.fr\/site\/covid1984\/wp-json\/wp\/v2\/posts\/813\/revisions\/2289"}],"wp:attachment":[{"href":"https:\/\/crudelis.fr\/site\/covid1984\/wp-json\/wp\/v2\/media?parent=813"}],"wp:term":[{"taxonomy":"category","embeddable":true,"href":"https:\/\/crudelis.fr\/site\/covid1984\/wp-json\/wp\/v2\/categories?post=813"},{"taxonomy":"post_tag","embeddable":true,"href":"https:\/\/crudelis.fr\/site\/covid1984\/wp-json\/wp\/v2\/tags?post=813"}],"curies":[{"name":"wp","href":"https:\/\/api.w.org\/{rel}","templated":true}]}}