{"id":822,"date":"2021-01-15T23:18:54","date_gmt":"2021-01-15T23:18:54","guid":{"rendered":"https:\/\/covid1984.nohost.me\/blog\/?p=822"},"modified":"2022-08-20T11:08:44","modified_gmt":"2022-08-20T11:08:44","slug":"covid-19-deces-dun-resident-dehpad-apres-avoir-ete-vaccine","status":"publish","type":"post","link":"https:\/\/crudelis.fr\/site\/covid1984\/2021\/01\/15\/covid-19-deces-dun-resident-dehpad-apres-avoir-ete-vaccine\/","title":{"rendered":"Covid-19 : D\u00e9c\u00e8s d'un r\u00e9sident d'Ehpad apr\u00e8s avoir \u00e9t\u00e9 vaccin\u00e9"},"content":{"rendered":"\n<p>D\u00e9c\u00e9d\u00e9 2 heures apr\u00e8s la vaccination, aucun lien...<br>Les morts apr\u00e8s vaccination, mais sans aucun lien, s'accumulent. Quel \u00e9trange concours de circonstance...<\/p>\n\n\n\n<!--more-->\n\n\n\n<p><a rel=\"noreferrer noopener\" href=\"https:\/\/www.parismatch.com\/Actu\/Sante\/Covid-19-Deces-d-un-resident-d-Ehpad-apres-avoir-ete-vaccine-pas-de-lien-avere-1720621\" data-type=\"URL\" data-id=\"https:\/\/www.parismatch.com\/Actu\/Sante\/Covid-19-Deces-d-un-resident-d-Ehpad-apres-avoir-ete-vaccine-pas-de-lien-avere-1720621\" target=\"_blank\">ParisMatch - Covid-19 : D\u00e9c\u00e8s d'un r\u00e9sident d'Ehpad apr\u00e8s avoir \u00e9t\u00e9 vaccin\u00e9, pas de lien av\u00e9r\u00e9<\/a><br><em>Temps de lecture: 2-3 minutes.<\/em><\/p>\n\n\n\n<hr class=\"wp-block-separator is-style-dots\" \/>\n\n\n\n<blockquote class=\"wp-block-quote is-layout-flow wp-block-quote-is-layout-flow\"><p><em>Le d\u00e9c\u00e8s est intervenu environ deux heures apr\u00e8s la vaccination. Le patient ne pr\u00e9sentait pas de signes physiques de r\u00e9actions allergiques\u00bb, a \u00e9crit l'agence dans un communiqu\u00e9.<\/em><\/p><cite>Paris Match<\/cite><\/blockquote>\n","protected":false},"excerpt":{"rendered":"<p>D\u00e9c\u00e9d\u00e9 2 heures apr\u00e8s la vaccination, aucun lien...Les morts apr\u00e8s vaccination, mais sans aucun lien, s'accumulent. Quel \u00e9trange concours de circonstance...<\/p>\n","protected":false},"author":2,"featured_media":0,"comment_status":"open","ping_status":"open","sticky":false,"template":"","format":"standard","meta":{"footnotes":""},"categories":[2,77,20,19],"tags":[31],"class_list":["post-822","post","type-post","status-publish","format-standard","hentry","category-actualite","category-covid19","category-danger-vaccin","category-vaccin","tag-vaccin"],"_links":{"self":[{"href":"https:\/\/crudelis.fr\/site\/covid1984\/wp-json\/wp\/v2\/posts\/822","targetHints":{"allow":["GET"]}}],"collection":[{"href":"https:\/\/crudelis.fr\/site\/covid1984\/wp-json\/wp\/v2\/posts"}],"about":[{"href":"https:\/\/crudelis.fr\/site\/covid1984\/wp-json\/wp\/v2\/types\/post"}],"author":[{"embeddable":true,"href":"https:\/\/crudelis.fr\/site\/covid1984\/wp-json\/wp\/v2\/users\/2"}],"replies":[{"embeddable":true,"href":"https:\/\/crudelis.fr\/site\/covid1984\/wp-json\/wp\/v2\/comments?post=822"}],"version-history":[{"count":1,"href":"https:\/\/crudelis.fr\/site\/covid1984\/wp-json\/wp\/v2\/posts\/822\/revisions"}],"predecessor-version":[{"id":2285,"href":"https:\/\/crudelis.fr\/site\/covid1984\/wp-json\/wp\/v2\/posts\/822\/revisions\/2285"}],"wp:attachment":[{"href":"https:\/\/crudelis.fr\/site\/covid1984\/wp-json\/wp\/v2\/media?parent=822"}],"wp:term":[{"taxonomy":"category","embeddable":true,"href":"https:\/\/crudelis.fr\/site\/covid1984\/wp-json\/wp\/v2\/categories?post=822"},{"taxonomy":"post_tag","embeddable":true,"href":"https:\/\/crudelis.fr\/site\/covid1984\/wp-json\/wp\/v2\/tags?post=822"}],"curies":[{"name":"wp","href":"https:\/\/api.w.org\/{rel}","templated":true}]}}