{"id":836,"date":"2021-01-17T12:38:56","date_gmt":"2021-01-17T12:38:56","guid":{"rendered":"https:\/\/covid1984.nohost.me\/blog\/?p=836"},"modified":"2022-08-20T11:08:44","modified_gmt":"2022-08-20T11:08:44","slug":"le-vaccin-pfizer-augmente-t-il-le-risque-de-contamination-et-de-mort-par-covid19","status":"publish","type":"post","link":"https:\/\/crudelis.fr\/site\/covid1984\/2021\/01\/17\/le-vaccin-pfizer-augmente-t-il-le-risque-de-contamination-et-de-mort-par-covid19\/","title":{"rendered":"Le vaccin Pfizer augmente-t-il le risque de contamination et de mort par Covid19 ?"},"content":{"rendered":"\n<p>Une int\u00e9ressante analyse de l'\u00e9volution du covid dans les pays qui vaccinent le plus.<br>Peut-\u00eatre enfin une voie de sortie de la mascarade.<\/p>\n\n\n\n<!--more-->\n\n\n\n<p><a rel=\"noreferrer noopener\" href=\"https:\/\/www.francesoir.fr\/opinions-tribunes\/le-vaccin-pfizer-augmente-t-il-le-risque-de-contamination-et-de-mort-par-covid19\" data-type=\"URL\" data-id=\"https:\/\/www.francesoir.fr\/opinions-tribunes\/le-vaccin-pfizer-augmente-t-il-le-risque-de-contamination-et-de-mort-par-covid19\" target=\"_blank\">FranceSoir - Le vaccin Pfizer augmente-t-il le risque de contamination et de mort par Covid19 ?<\/a><br><em>Temps de lecture: 9-12 minutes.<\/em><\/p>\n\n\n\n<hr class=\"wp-block-separator is-style-dots\" \/>\n\n\n\n<blockquote class=\"wp-block-quote is-layout-flow wp-block-quote-is-layout-flow\"><p><em>Depuis l\u2019administration large du vaccin Pfizer, le nombre de contaminations et de morts quotidiennes a fortement augment\u00e9 en Isra\u00ebl et en Grande-Bretagne, alors que chez les irr\u00e9ductibles Gaulois l\u2019\u00e9pid\u00e9mie est en lente d\u00e9crue.<\/em><\/p><cite>Dr Gerard Delepine pour FranceSoir<\/cite><\/blockquote>\n\n\n\n<blockquote class=\"wp-block-quote is-layout-flow wp-block-quote-is-layout-flow\"><p><em><em>On ne peut esp\u00e9rer aucun avantage individuel \u00e0 vacciner contre le covid les moins de 65 ans, puisque la maladie est chez eux plus b\u00e9nigne que la grippe\u00a0; cette population ne peut donc rien esp\u00e9rer des vaccins anticovid si ce n\u2019est des complications.<\/em><\/em><\/p><cite>Dr Gerard Delepine pour FranceSoir<\/cite><\/blockquote>\n\n\n\n<blockquote class=\"wp-block-quote is-layout-flow wp-block-quote-is-layout-flow\"><p><em><em><em>Et l\u2019argument soci\u00e9tal : \"on se vaccine pour prot\u00e9ger les autres\", n\u2019est pas non plus pertinent, puisqu\u2019il est loin d\u2019\u00eatre d\u00e9montr\u00e9 que le vaccin soit capable d\u2019emp\u00eacher ou de ralentir les transmissions virales.<\/em><\/em><\/em><\/p><cite>Dr Gerard Delepine pour FranceSoir<\/cite><\/blockquote>\n\n\n\n<blockquote class=\"wp-block-quote is-layout-flow wp-block-quote-is-layout-flow\"><p><em><em><em>Les r\u00e9sultats actuels du vaccin Pfizer dans les populations isra\u00e9lienne et britannique laissent en effet craindre une catastrophe sanitaire vaccinale dans ces pays et l\u2019alerte norv\u00e9gienne accroit l\u2019inqui\u00e9tude.<\/em><\/em><\/em><\/p><cite>Dr Gerard Delepine pour FranceSoir<\/cite><\/blockquote>\n","protected":false},"excerpt":{"rendered":"<p>Une int\u00e9ressante analyse de l'\u00e9volution du covid dans les pays qui vaccinent le plus.Peut-\u00eatre enfin une voie de sortie de la mascarade.<\/p>\n","protected":false},"author":2,"featured_media":0,"comment_status":"open","ping_status":"open","sticky":false,"template":"","format":"standard","meta":{"footnotes":""},"categories":[2,77,20,12,19],"tags":[31],"class_list":["post-836","post","type-post","status-publish","format-standard","hentry","category-actualite","category-covid19","category-danger-vaccin","category-mortalite","category-vaccin","tag-vaccin"],"_links":{"self":[{"href":"https:\/\/crudelis.fr\/site\/covid1984\/wp-json\/wp\/v2\/posts\/836","targetHints":{"allow":["GET"]}}],"collection":[{"href":"https:\/\/crudelis.fr\/site\/covid1984\/wp-json\/wp\/v2\/posts"}],"about":[{"href":"https:\/\/crudelis.fr\/site\/covid1984\/wp-json\/wp\/v2\/types\/post"}],"author":[{"embeddable":true,"href":"https:\/\/crudelis.fr\/site\/covid1984\/wp-json\/wp\/v2\/users\/2"}],"replies":[{"embeddable":true,"href":"https:\/\/crudelis.fr\/site\/covid1984\/wp-json\/wp\/v2\/comments?post=836"}],"version-history":[{"count":1,"href":"https:\/\/crudelis.fr\/site\/covid1984\/wp-json\/wp\/v2\/posts\/836\/revisions"}],"predecessor-version":[{"id":2281,"href":"https:\/\/crudelis.fr\/site\/covid1984\/wp-json\/wp\/v2\/posts\/836\/revisions\/2281"}],"wp:attachment":[{"href":"https:\/\/crudelis.fr\/site\/covid1984\/wp-json\/wp\/v2\/media?parent=836"}],"wp:term":[{"taxonomy":"category","embeddable":true,"href":"https:\/\/crudelis.fr\/site\/covid1984\/wp-json\/wp\/v2\/categories?post=836"},{"taxonomy":"post_tag","embeddable":true,"href":"https:\/\/crudelis.fr\/site\/covid1984\/wp-json\/wp\/v2\/tags?post=836"}],"curies":[{"name":"wp","href":"https:\/\/api.w.org\/{rel}","templated":true}]}}