{"id":862,"date":"2021-01-19T12:03:45","date_gmt":"2021-01-19T12:03:45","guid":{"rendered":"https:\/\/covid1984.nohost.me\/blog\/?p=862"},"modified":"2022-08-20T11:08:42","modified_gmt":"2022-08-20T11:08:42","slug":"faux-la-norvege-ne-dement-pas-le-lien-entre-le-vaccin-anti-covid-et-les-13-deces","status":"publish","type":"post","link":"https:\/\/crudelis.fr\/site\/covid1984\/2021\/01\/19\/faux-la-norvege-ne-dement-pas-le-lien-entre-le-vaccin-anti-covid-et-les-13-deces\/","title":{"rendered":"FAUX: La Norv\u00e8ge NE d\u00e9ment  PAS le lien entre le vaccin anti-Covid et les 13 d\u00e9c\u00e8s"},"content":{"rendered":"\n<p>On voir surgir des articles de presse en France affirmant que la Norv\u00e8ge a d\u00e9menti, le 18 janvier, le lien entre le vaccin Pfizer et les 13 d\u00e9c\u00e8s d\u00e9j\u00e0 annonc\u00e9s.<br>Cela est faux, c'est un mensonge fran\u00e7ais pour nous faire croire qu'il n'y a pas de danger. La Norv\u00e8ge n'a pas chang\u00e9 son discours sur ce point !<\/p>\n\n\n\n<!--more-->\n\n\n\n<p>Il y a quelques jours la <a rel=\"noreferrer noopener\" href=\"https:\/\/crudelis.fr\/site\/covid1984\/2021\/01\/15\/13-deces-des-suites-de-la-vaccination-contre-le-covid-en-norvege\/\" target=\"_blank\">Norv\u00e8ge avait annonc\u00e9 23 d\u00e9c\u00e8s<\/a>, dont 13 \u00e9taient li\u00e9s aux effets secondaires du vaccin, les autres n'ayant pas encore \u00e9t\u00e9 analys\u00e9s.<br>Il \u00e9tait alors conseill\u00e9 de ne pas vacciner les personnes trop fragiles.<\/p>\n\n\n\n<p>Aujourd'hui, le 19 janvier, la presse fran\u00e7aise annonce que la Norv\u00e8ge d\u00e9ment le lien avec la vaccination.<\/p>\n\n\n\n<p><a rel=\"noreferrer noopener\" href=\"https:\/\/www.midilibre.fr\/2021\/01\/18\/la-norvege-dement-finalement-un-lien-etabli-entre-le-vaccin-anti-covid-et-le-deces-de-13-personnes-9319156.php\" data-type=\"URL\" data-id=\"https:\/\/www.midilibre.fr\/2021\/01\/18\/la-norvege-dement-finalement-un-lien-etabli-entre-le-vaccin-anti-covid-et-le-deces-de-13-personnes-9319156.php\" target=\"_blank\">Midi Libre - La Norv\u00e8ge d\u00e9ment finalement un lien \u00e9tabli entre le vaccin anti-Covid et le d\u00e9c\u00e8s de 13 personnes<\/a><br><em>Temps de lecture: 2-3 minutes.<\/em><\/p>\n\n\n\n<blockquote class=\"wp-block-quote is-layout-flow wp-block-quote-is-layout-flow\"><p><em>La Norv\u00e8ge annonce ce lundi 18 janvier qu'il n'y a finalement pas de lien \u00e9tabli entre le vaccin Pfizer-BioNtech et des d\u00e9c\u00e8s de personnes vaccin\u00e9es dans ce pays.&nbsp;<\/em><\/p><cite>Midi Libre<\/cite><\/blockquote>\n\n\n\n<p><a rel=\"noreferrer noopener\" href=\"https:\/\/www.lavoixdunord.fr\/921869\/article\/2021-01-18\/pfizer-biontech-les-deces-de-13-patients-amenent-la-norvege-revoir-ses\" target=\"_blank\">La voix du nord - Pfizer-BioNTech: la Norv\u00e8ge d\u00e9ment le lien avec le d\u00e9c\u00e8s de 13 personnes \u00e2g\u00e9es<\/a><br><em>Temps de lecture: 4-5 minutes.<\/em><\/p>\n\n\n\n<blockquote class=\"wp-block-quote is-layout-flow wp-block-quote-is-layout-flow\"><p><em>Lundi en fin de journ\u00e9e, les autorit\u00e9s sanitaires norv\u00e9giennes ont estim\u00e9 qu\u2019il n\u2019y avait finalement pas de lien \u00e9tabli entre le vaccin Pfizer\/BioNTech et le d\u00e9c\u00e8s personnes \u00e2g\u00e9es, contrairement aux premi\u00e8res conclusions de l\u2019Agence norv\u00e9gienne du m\u00e9dicament.<\/em><\/p><cite>La voix du nord<\/cite><\/blockquote>\n\n\n\n<p>Tout cela est faux ! Camilla Stoltenberg, la directrice de l\u2019autorit\u00e9 norv\u00e9gienne de sant\u00e9 publique a dit:<\/p>\n\n\n\n<blockquote class=\"wp-block-quote is-layout-flow wp-block-quote-is-layout-flow\"><p><em><em>No analyzes of the causal connection have been made yet<\/em><\/em><br>---<br><em>Aucune analyse du lien de causalit\u00e9 n'a encore \u00e9t\u00e9 effectu\u00e9e<\/em><\/p><cite>Camilla Stoltenberg<\/cite><\/blockquote>\n\n\n\n<blockquote class=\"wp-block-quote is-layout-flow wp-block-quote-is-layout-flow\"><p><em>Stoltenberg emphasized the advice all along was that there should be an individual assessment before the vaccine is offered.<\/em><br>---<br><em>Stoltenberg a insist\u00e9 sur le fait qu'il est conseill\u00e9 de proc\u00e9der \u00e0 une \u00e9valuation individuelle avant de proposer le vaccin.<\/em><\/p><cite>Norway Today<\/cite><\/blockquote>\n\n\n\n<p>On peut lire les recommandations officielles du Statens legemiddelverk (l'agence nationale norv\u00e9gienne de m\u00e9decine), mis \u00e0 jour le 19 janvier 2021.<\/p>\n\n\n\n<blockquote class=\"wp-block-quote is-layout-flow wp-block-quote-is-layout-flow\"><p><em>Consequently, the Norwegian Institute of Public health has emphasised its advice regarding frail or terminally ill patients. An evaluation should be carried for each individual patient as to whether the benefits of vaccination outweigh the risks of eventual side effects.<\/em><br>---<br><em>En cons\u00e9quence, l'Institut norv\u00e9gien de sant\u00e9 publique a mis l'accent sur ses conseils concernant les patients fragiles ou en phase terminale. Il convient d'\u00e9valuer pour chaque patient si les avantages de la vaccination l'emportent sur les risques d'\u00e9ventuels effets secondaires.<\/em><\/p><cite>Statens legemiddelverk<\/cite><\/blockquote>\n\n\n\n<p>L'avis n'a pas chang\u00e9 depuis les premi\u00e8res annonces... Le vaccin est toujours consid\u00e9r\u00e9 comme ayant provoqu\u00e9 des effets secondaires responsable des d\u00e9c\u00e8s.<\/p>\n\n\n\n<p>La source est ici, <a href=\"https:\/\/web.archive.org\/web\/20210120010714\/https:\/\/legemiddelverket.no\/nyheter\/covid-19-vaccination-associated-with-deaths-in-elderly-people-who-are-frail\" data-type=\"URL\" data-id=\"https:\/\/web.archive.org\/web\/20210120010714\/https:\/\/legemiddelverket.no\/nyheter\/covid-19-vaccination-associated-with-deaths-in-elderly-people-who-are-frail\" target=\"_blank\" rel=\"noreferrer noopener\">Statens legemiddelverk - Covid-19 vaccination associated with adverse drug reactions in elderly people who are frail<\/a><\/p>\n\n\n\n<p>Et les propos de Camilla Stoltenberg ont \u00e9t\u00e9 relev\u00e9 par le site Norway Today<\/p>\n\n\n\n<p><a rel=\"noreferrer noopener\" href=\"https:\/\/norwaytoday.info\/news\/health-institute-chief-the-causes-of-vaccine-related-deaths-in-norway-have-not-been-analyzed-yet\/\" target=\"_blank\">Norway Today - Health institute chief: The causes of vaccine-related deaths in Norway have not been analyzed yet<\/a><\/p>\n\n\n\n<hr class=\"wp-block-separator is-style-dots\" \/>\n\n\n\n<p>Avant de faire confiance \u00e0 la presse fran\u00e7aise, il convient de v\u00e9rifier les sources...<\/p>\n","protected":false},"excerpt":{"rendered":"<p>On voir surgir des articles de presse en France affirmant que la Norv\u00e8ge a d\u00e9menti, le 18 janvier, le lien entre le vaccin Pfizer et les 13 d\u00e9c\u00e8s d\u00e9j\u00e0 annonc\u00e9s.Cela est faux, c'est un mensonge fran\u00e7ais pour nous faire croire qu'il n'y a pas de danger. La Norv\u00e8ge n'a pas chang\u00e9 son discours sur ce point !<\/p>\n","protected":false},"author":2,"featured_media":0,"comment_status":"open","ping_status":"open","sticky":false,"template":"","format":"standard","meta":{"footnotes":""},"categories":[2,77,20,17,19],"tags":[27,31],"class_list":["post-862","post","type-post","status-publish","format-standard","hentry","category-actualite","category-covid19","category-danger-vaccin","category-ressources","category-vaccin","tag-peur","tag-vaccin"],"_links":{"self":[{"href":"https:\/\/crudelis.fr\/site\/covid1984\/wp-json\/wp\/v2\/posts\/862","targetHints":{"allow":["GET"]}}],"collection":[{"href":"https:\/\/crudelis.fr\/site\/covid1984\/wp-json\/wp\/v2\/posts"}],"about":[{"href":"https:\/\/crudelis.fr\/site\/covid1984\/wp-json\/wp\/v2\/types\/post"}],"author":[{"embeddable":true,"href":"https:\/\/crudelis.fr\/site\/covid1984\/wp-json\/wp\/v2\/users\/2"}],"replies":[{"embeddable":true,"href":"https:\/\/crudelis.fr\/site\/covid1984\/wp-json\/wp\/v2\/comments?post=862"}],"version-history":[{"count":1,"href":"https:\/\/crudelis.fr\/site\/covid1984\/wp-json\/wp\/v2\/posts\/862\/revisions"}],"predecessor-version":[{"id":2275,"href":"https:\/\/crudelis.fr\/site\/covid1984\/wp-json\/wp\/v2\/posts\/862\/revisions\/2275"}],"wp:attachment":[{"href":"https:\/\/crudelis.fr\/site\/covid1984\/wp-json\/wp\/v2\/media?parent=862"}],"wp:term":[{"taxonomy":"category","embeddable":true,"href":"https:\/\/crudelis.fr\/site\/covid1984\/wp-json\/wp\/v2\/categories?post=862"},{"taxonomy":"post_tag","embeddable":true,"href":"https:\/\/crudelis.fr\/site\/covid1984\/wp-json\/wp\/v2\/tags?post=862"}],"curies":[{"name":"wp","href":"https:\/\/api.w.org\/{rel}","templated":true}]}}