{"id":868,"date":"2021-01-20T12:01:47","date_gmt":"2021-01-20T12:01:47","guid":{"rendered":"https:\/\/covid1984.nohost.me\/blog\/?p=868"},"modified":"2022-08-20T11:08:42","modified_gmt":"2022-08-20T11:08:42","slug":"71-morts-en-europe-apres-une-vaccination","status":"publish","type":"post","link":"https:\/\/crudelis.fr\/site\/covid1984\/2021\/01\/20\/71-morts-en-europe-apres-une-vaccination\/","title":{"rendered":"71 morts en Europe apr\u00e8s une vaccination"},"content":{"rendered":"\n<p>Toujours plus de d\u00e9c\u00e8s des suites de la vaccination, toujours aucun lien entre le vaccin et les d\u00e9c\u00e8s...<\/p>\n\n\n\n<!--more-->\n\n\n\n<p><a rel=\"noreferrer noopener\" href=\"https:\/\/www.francetvinfo.fr\/sante\/maladie\/coronavirus\/vaccin\/covid-19-cinq-deces-apres-avoir-recu-le-vaccin-pfizer-biontech-en-france-peut-etre-causes-par-des-effets-indesirables_4263883.html\" data-type=\"URL\" data-id=\"https:\/\/www.francetvinfo.fr\/sante\/maladie\/coronavirus\/vaccin\/covid-19-cinq-deces-apres-avoir-recu-le-vaccin-pfizer-biontech-en-france-peut-etre-causes-par-des-effets-indesirables_4263883.html\" target=\"_blank\">France Info - Covid-19 : 139 remont\u00e9es d'effets ind\u00e9sirables en France depuis le d\u00e9but de la campagne de vaccination, interrogations autour de cinq d\u00e9c\u00e8s<\/a><br><em>Temps de lecture: 2-3 minutes.<\/em><\/p>\n\n\n\n<hr class=\"wp-block-separator is-style-dots\" \/>\n\n\n\n<blockquote class=\"wp-block-quote is-layout-flow wp-block-quote-is-layout-flow\"><p><em>Le minist\u00e8re de la Sant\u00e9 annonce au service Sant\u00e9 de franceinfo mardi 19 janvier que cinq personnes sont mortes apr\u00e8s avoir \u00e9t\u00e9 vaccin\u00e9es, sans que le lien entre le vaccin et le d\u00e9c\u00e8s puisse \u00eatre formellement \u00e9tabli.<\/em><\/p><cite>franceinfo<\/cite><\/blockquote>\n\n\n\n<blockquote class=\"wp-block-quote is-layout-flow wp-block-quote-is-layout-flow\"><p><em><em>Au total, 71&nbsp;d\u00e9c\u00e8s \u00e0 la suite d'une vaccination ont \u00e9t\u00e9 officialis\u00e9s en Europe : au Royaume-Uni, en Allemagne, en Norv\u00e8ge, au Danemark. Il s'agissait pour la quasi-totalit\u00e9 des cas de personnes \u00e2g\u00e9es de plus de 75 ans.<\/em><\/em><\/p><cite>franceinfo<\/cite><\/blockquote>\n\n\n\n<hr class=\"wp-block-separator is-style-dots\" \/>\n\n\n\n<p>Devrions-nous vraiment \u00eatre rassur\u00e9s de lire que \"<em>la quasi-totalit\u00e9<\/em>\" des personnes \u00e9taient \u00e2g\u00e9es de plus de 75 ans quand on sait que c'est pr\u00e9cis\u00e9ment la cat\u00e9gorie d'\u00e2ge de \"<em>la quasi-totalit\u00e9<\/em>\" des personnes vaccin\u00e9es en Europe pour le moment ?<\/p>\n","protected":false},"excerpt":{"rendered":"<p>Toujours plus de d\u00e9c\u00e8s des suites de la vaccination, toujours aucun lien entre le vaccin et les d\u00e9c\u00e8s...<\/p>\n","protected":false},"author":2,"featured_media":0,"comment_status":"open","ping_status":"open","sticky":false,"template":"","format":"standard","meta":{"footnotes":""},"categories":[2,77,20,12,19],"tags":[31],"class_list":["post-868","post","type-post","status-publish","format-standard","hentry","category-actualite","category-covid19","category-danger-vaccin","category-mortalite","category-vaccin","tag-vaccin"],"_links":{"self":[{"href":"https:\/\/crudelis.fr\/site\/covid1984\/wp-json\/wp\/v2\/posts\/868","targetHints":{"allow":["GET"]}}],"collection":[{"href":"https:\/\/crudelis.fr\/site\/covid1984\/wp-json\/wp\/v2\/posts"}],"about":[{"href":"https:\/\/crudelis.fr\/site\/covid1984\/wp-json\/wp\/v2\/types\/post"}],"author":[{"embeddable":true,"href":"https:\/\/crudelis.fr\/site\/covid1984\/wp-json\/wp\/v2\/users\/2"}],"replies":[{"embeddable":true,"href":"https:\/\/crudelis.fr\/site\/covid1984\/wp-json\/wp\/v2\/comments?post=868"}],"version-history":[{"count":1,"href":"https:\/\/crudelis.fr\/site\/covid1984\/wp-json\/wp\/v2\/posts\/868\/revisions"}],"predecessor-version":[{"id":2273,"href":"https:\/\/crudelis.fr\/site\/covid1984\/wp-json\/wp\/v2\/posts\/868\/revisions\/2273"}],"wp:attachment":[{"href":"https:\/\/crudelis.fr\/site\/covid1984\/wp-json\/wp\/v2\/media?parent=868"}],"wp:term":[{"taxonomy":"category","embeddable":true,"href":"https:\/\/crudelis.fr\/site\/covid1984\/wp-json\/wp\/v2\/categories?post=868"},{"taxonomy":"post_tag","embeddable":true,"href":"https:\/\/crudelis.fr\/site\/covid1984\/wp-json\/wp\/v2\/tags?post=868"}],"curies":[{"name":"wp","href":"https:\/\/api.w.org\/{rel}","templated":true}]}}