{"id":87,"date":"2020-10-30T12:44:38","date_gmt":"2020-10-30T12:44:38","guid":{"rendered":"https:\/\/covid1984.nohost.me\/?p=87"},"modified":"2022-09-08T11:26:10","modified_gmt":"2022-09-08T11:26:10","slug":"mesures-de-la-mortalite-liee-au-covid-19","status":"publish","type":"post","link":"https:\/\/crudelis.fr\/site\/covid1984\/2020\/10\/30\/mesures-de-la-mortalite-liee-au-covid-19\/","title":{"rendered":"Mesures de la mortalit\u00e9 li\u00e9e au Covid-19"},"content":{"rendered":"\n<p>Une explication par l'inserm (l'institut national de la sant\u00e9 et de la recherche m\u00e9dicale !) de la mani\u00e8re dont les morts du covid sont calcul\u00e9s.<\/p>\n\n\n\n<!--more-->\n\n\n\n<figure class=\"wp-block-table\"><table class=\"has-background\" style=\"background-color:#f3f4f5\"><tbody><tr><td class=\"has-text-align-center\" data-align=\"center\"><strong>SOURCE OFFICIELLE<\/strong><br><br>Cet article est issue d'une source officielle.<\/td><\/tr><\/tbody><\/table><\/figure>\n\n\n\n<p><a rel=\"noreferrer noopener\" href=\"https:\/\/www.cepidc.inserm.fr\/mesures-de-la-mortalite-liee-au-covid-19\" data-type=\"URL\" data-id=\"https:\/\/www.cepidc.inserm.fr\/mesures-de-la-mortalite-liee-au-covid-19\" target=\"_blank\">Inserm - Mesures de la mortalit\u00e9 li\u00e9e au Covid-19<\/a><br><em>Temps de lecture: 4-6 minutes.<\/em> (<a href=\"https:\/\/crudelis.fr\/site\/covid1984\/wp-content\/uploads\/sites\/8\/2022\/09\/Mesures-de-la-mortalite-liee-au-Covid-19-CepiDc.pdf\">T\u00e9l\u00e9charger l'article original en pdf<\/a>)<\/p>\n\n\n\n<hr class=\"wp-block-separator has-css-opacity is-style-dots\"\/>\n\n\n\n<blockquote class=\"wp-block-quote is-layout-flow wp-block-quote-is-layout-flow\"><p><em>Ce d\u00e9nombrement consid\u00e8re toutes les causes sur le m\u00eame plan et ne distingue pas le r\u00f4le du Covid-19 entre un sujet tr\u00e8s poly-morbide et un sujet sain<\/em><\/p><cite>Inserm<\/cite><\/blockquote>\n\n\n\n<blockquote class=\"wp-block-quote is-layout-flow wp-block-quote-is-layout-flow\"><p><em>[...] dans le cas de la crise du Covid-19, le nombre de d\u00e9c\u00e8s directement imputable \u00e0 la maladie sera difficile \u00e0 discerner de l'effet indirect du \u00e0 l'engorgement des services de sant\u00e9, ou \u00e0 l'absence de recours au soin par crainte d'une infection.<\/em><\/p><cite>Inserm<\/cite><\/blockquote>\n","protected":false},"excerpt":{"rendered":"<p>Une explication par l'inserm (l'institut national de la sant\u00e9 et de la recherche m\u00e9dicale !) de la mani\u00e8re dont les morts du covid sont calcul\u00e9s.<\/p>\n","protected":false},"author":2,"featured_media":0,"comment_status":"open","ping_status":"open","sticky":false,"template":"","format":"standard","meta":{"footnotes":""},"categories":[77,12,17],"tags":[25,28],"class_list":["post-87","post","type-post","status-publish","format-standard","hentry","category-covid19","category-mortalite","category-ressources","tag-officiel","tag-relativiser"],"_links":{"self":[{"href":"https:\/\/crudelis.fr\/site\/covid1984\/wp-json\/wp\/v2\/posts\/87","targetHints":{"allow":["GET"]}}],"collection":[{"href":"https:\/\/crudelis.fr\/site\/covid1984\/wp-json\/wp\/v2\/posts"}],"about":[{"href":"https:\/\/crudelis.fr\/site\/covid1984\/wp-json\/wp\/v2\/types\/post"}],"author":[{"embeddable":true,"href":"https:\/\/crudelis.fr\/site\/covid1984\/wp-json\/wp\/v2\/users\/2"}],"replies":[{"embeddable":true,"href":"https:\/\/crudelis.fr\/site\/covid1984\/wp-json\/wp\/v2\/comments?post=87"}],"version-history":[{"count":2,"href":"https:\/\/crudelis.fr\/site\/covid1984\/wp-json\/wp\/v2\/posts\/87\/revisions"}],"predecessor-version":[{"id":2472,"href":"https:\/\/crudelis.fr\/site\/covid1984\/wp-json\/wp\/v2\/posts\/87\/revisions\/2472"}],"wp:attachment":[{"href":"https:\/\/crudelis.fr\/site\/covid1984\/wp-json\/wp\/v2\/media?parent=87"}],"wp:term":[{"taxonomy":"category","embeddable":true,"href":"https:\/\/crudelis.fr\/site\/covid1984\/wp-json\/wp\/v2\/categories?post=87"},{"taxonomy":"post_tag","embeddable":true,"href":"https:\/\/crudelis.fr\/site\/covid1984\/wp-json\/wp\/v2\/tags?post=87"}],"curies":[{"name":"wp","href":"https:\/\/api.w.org\/{rel}","templated":true}]}}