{"id":874,"date":"2021-01-20T12:24:34","date_gmt":"2021-01-20T12:24:34","guid":{"rendered":"https:\/\/covid1984.nohost.me\/blog\/?p=874"},"modified":"2022-08-20T11:08:42","modified_gmt":"2022-08-20T11:08:42","slug":"le-gouvernement-va-rendre-obligatoire-les-qr-codes-dans-les-lieux-accueillants-du-public","status":"publish","type":"post","link":"https:\/\/crudelis.fr\/site\/covid1984\/2021\/01\/20\/le-gouvernement-va-rendre-obligatoire-les-qr-codes-dans-les-lieux-accueillants-du-public\/","title":{"rendered":"Le gouvernement va rendre obligatoire les \"QR codes\" dans les lieux accueillants du public"},"content":{"rendered":"\n<p>Le chemin se trace pour l'acceptation du passeport vaccinal et d'une surveillance de masse.<br>\u00c9tape par \u00e9tape, nos droits et notre libert\u00e9 sont r\u00e9duits \u00e0 n\u00e9ant.<\/p>\n\n\n\n<!--more-->\n\n\n\n<p><a rel=\"noreferrer noopener\" href=\"https:\/\/rmc.bfmtv.com\/emission\/le-gouvernement-va-rendre-obligatoire-les-qr-codes-dans-les-lieux-accueillants-du-public-2029812.html\" data-type=\"URL\" data-id=\"https:\/\/rmc.bfmtv.com\/emission\/le-gouvernement-va-rendre-obligatoire-les-qr-codes-dans-les-lieux-accueillants-du-public-2029812.html\" target=\"_blank\">BFM TV - Le gouvernement va rendre obligatoire les \"QR codes\" dans les lieux accueillants du public<\/a><br><em>Temps de lecture: 3-4 minutes.<\/em><\/p>\n\n\n\n<hr class=\"wp-block-separator is-style-dots\" \/>\n\n\n\n<blockquote class=\"wp-block-quote is-layout-flow wp-block-quote-is-layout-flow\"><p><em>le gouvernement va rendre obligatoire l'installation de \"QR codes\" dans les lieux accueillant du public. Sont ainsi concern\u00e9s tous les bars, tous les restaurants et les salles de sport.<\/em><\/p><cite>Paul Barcelonne pour RMC<\/cite><\/blockquote>\n\n\n\n<blockquote class=\"wp-block-quote is-layout-flow wp-block-quote-is-layout-flow\"><p><em><em>L'objectif est clair: les clients ou usagers devront scanner ces codes avec leurs smartphones et remplir leurs informations (identit\u00e9 et num\u00e9ro de t\u00e9l\u00e9phone, notamment).<\/em><\/em><\/p><cite>Paul Barcelonne pour RMC<\/cite><\/blockquote>\n\n\n\n<blockquote class=\"wp-block-quote is-layout-flow wp-block-quote-is-layout-flow\"><p><em><em><em>L'application TousAntiCovid, qui sera au coeur de ce dispositif<\/em><\/em><\/em><\/p><cite>Paul Barcelonne pour RMC<\/cite><\/blockquote>\n\n\n\n<hr class=\"wp-block-separator is-style-dots\" \/>\n\n\n\n<p>Mise \u00e0 jour du 12 f\u00e9vrier 2020, le projet est pass\u00e9 \u00e0 la r\u00e9alisation avec <a href=\"https:\/\/www.lefigaro.fr\/secteur\/high-tech\/un-qr-code-pour-filtrer-les-entrees-dans-les-restaurants-20210212\" target=\"_blank\" rel=\"noreferrer noopener\">un d\u00e9cret qui vient officialiser l'usage de QR code<\/a> pour tracer la population.<\/p>\n\n\n\n<p>On tente de nous habituer \u00e0 une surveillance g\u00e9n\u00e9ralis\u00e9e et ce n'est qu'un d\u00e9but.<\/p>\n","protected":false},"excerpt":{"rendered":"<p>Le chemin se trace pour l'acceptation du passeport vaccinal et d'une surveillance de masse.\u00c9tape par \u00e9tape, nos droits et notre libert\u00e9 sont r\u00e9duits \u00e0 n\u00e9ant.<\/p>\n","protected":false},"author":2,"featured_media":0,"comment_status":"open","ping_status":"open","sticky":false,"template":"","format":"standard","meta":{"footnotes":""},"categories":[2,77,6,14],"tags":[],"class_list":["post-874","post","type-post","status-publish","format-standard","hentry","category-actualite","category-covid19","category-democratie","category-pourquoi"],"_links":{"self":[{"href":"https:\/\/crudelis.fr\/site\/covid1984\/wp-json\/wp\/v2\/posts\/874","targetHints":{"allow":["GET"]}}],"collection":[{"href":"https:\/\/crudelis.fr\/site\/covid1984\/wp-json\/wp\/v2\/posts"}],"about":[{"href":"https:\/\/crudelis.fr\/site\/covid1984\/wp-json\/wp\/v2\/types\/post"}],"author":[{"embeddable":true,"href":"https:\/\/crudelis.fr\/site\/covid1984\/wp-json\/wp\/v2\/users\/2"}],"replies":[{"embeddable":true,"href":"https:\/\/crudelis.fr\/site\/covid1984\/wp-json\/wp\/v2\/comments?post=874"}],"version-history":[{"count":1,"href":"https:\/\/crudelis.fr\/site\/covid1984\/wp-json\/wp\/v2\/posts\/874\/revisions"}],"predecessor-version":[{"id":2271,"href":"https:\/\/crudelis.fr\/site\/covid1984\/wp-json\/wp\/v2\/posts\/874\/revisions\/2271"}],"wp:attachment":[{"href":"https:\/\/crudelis.fr\/site\/covid1984\/wp-json\/wp\/v2\/media?parent=874"}],"wp:term":[{"taxonomy":"category","embeddable":true,"href":"https:\/\/crudelis.fr\/site\/covid1984\/wp-json\/wp\/v2\/categories?post=874"},{"taxonomy":"post_tag","embeddable":true,"href":"https:\/\/crudelis.fr\/site\/covid1984\/wp-json\/wp\/v2\/tags?post=874"}],"curies":[{"name":"wp","href":"https:\/\/api.w.org\/{rel}","templated":true}]}}