{"id":876,"date":"2021-01-20T12:39:07","date_gmt":"2021-01-20T12:39:07","guid":{"rendered":"https:\/\/covid1984.nohost.me\/blog\/?p=876"},"modified":"2022-08-20T11:08:41","modified_gmt":"2022-08-20T11:08:41","slug":"pourquoi-je-suis-devenu-un-covido-sceptique","status":"publish","type":"post","link":"https:\/\/crudelis.fr\/site\/covid1984\/2021\/01\/20\/pourquoi-je-suis-devenu-un-covido-sceptique\/","title":{"rendered":"Pourquoi je suis devenu un \"Covido-sceptique\" ?"},"content":{"rendered":"\n<p>Une int\u00e9ressante ressource sur comment d\u00e9montrer \u00e0 votre entourage, rest\u00e9 na\u00eff, que le discours officiel est tr\u00e8s \u00e9loign\u00e9 de la r\u00e9alit\u00e9 et que la v\u00e9rit\u00e9 est bien plus terrifiante que le virus.<\/p>\n\n\n\n<!--more-->\n\n\n\n<figure class=\"wp-block-table\"><table class=\"has-subtle-light-gray-background-color has-background\"><tbody><tr><td class=\"has-text-align-center\" data-align=\"center\"><strong><strong>OPINION<\/strong><br><br>Cet article exprime l'opinion personnelle de son auteur.<\/strong><\/td><\/tr><\/tbody><\/table><\/figure>\n\n\n\n<p><a rel=\"noreferrer noopener\" href=\"https:\/\/off-guardian.org\/2021\/01\/18\/why-i-became-a-covid-denier\/\" data-type=\"URL\" data-id=\"https:\/\/off-guardian.org\/2021\/01\/18\/why-i-became-a-covid-denier\/\" target=\"_blank\">OffGuardian - Why I Became a \u201cCovid Denier\u201d<\/a><br><em>Temps de lecture: 14-17 minutes.<\/em><\/p>\n\n\n\n<hr class=\"wp-block-separator is-style-dots\" \/>\n\n\n\n<blockquote class=\"wp-block-quote is-layout-flow wp-block-quote-is-layout-flow\"><p><em>My conclusion that Covid-19 was being used as a vehicle to bring in a horrifying social and economic reset wasn\u2019t reached until all other aspects of the previous timeline of 5 months slotted in.<\/em><br>---<br><em>Ma conclusion selon laquelle le Covid-19 \u00e9tait utilis\u00e9 comme un moyen d'introduire une effroyable r\u00e9initialisation sociale et \u00e9conomique n'a \u00e9t\u00e9 atteinte que lorsque tous les autres aspects du calendrier pr\u00e9c\u00e9dent de 5 mois ont \u00e9t\u00e9 pris en compte.<\/em><\/p><cite>Kevin Smith pour OffGuardian<\/cite><\/blockquote>\n\n\n\n<blockquote class=\"wp-block-quote is-layout-flow wp-block-quote-is-layout-flow\"><p><em><em>Repeated lockdowns and mask-wearing, propaganda and general suffering are designed to create the conditions necessary to reset society and almost start from scratch.<\/em><\/em><br>---<br><em>Les fermetures r\u00e9p\u00e9t\u00e9es et le port de masques, la propagande et la souffrance g\u00e9n\u00e9rale visent \u00e0 cr\u00e9er les conditions n\u00e9cessaires pour r\u00e9initialiser la soci\u00e9t\u00e9 et presque repartir de z\u00e9ro.<\/em><\/p><cite>Kevin Smith pour OffGuardian<\/cite><\/blockquote>\n\n\n\n<blockquote class=\"wp-block-quote is-layout-flow wp-block-quote-is-layout-flow\"><p><em><em><em>They need continuous crisis to push us towards meek acceptance and compliance.<\/em><\/em><\/em><br>---<br><em>Ils ont besoin d'une crise continue pour nous pousser vers une acceptation et un respect dociles.<\/em><\/p><cite>Kevin Smith pour OffGuardian<\/cite><\/blockquote>\n\n\n\n<blockquote class=\"wp-block-quote is-layout-flow wp-block-quote-is-layout-flow\"><p><em><em><em>World leaders such as Johnson and Trudeau are subtly and unsubtly introducing WEF language and repeating the slogans such as \u2018build back better\u2019. There\u2019s talk of health passports and sanctions for those refusing testing and vaccines. Many of the proposed objectives such as wealth distribution and limited travel fit in with the economic and social destruction we are currently seeing.<\/em><\/em><\/em><br>---<br><em>Des leaders mondiaux tels que Johnson et Trudeau introduisent subtilement et discr\u00e8tement le langage du WEF <\/em>(World Economic Forum)<em> et r\u00e9p\u00e8tent des slogans tels que \"Reconstruire en mieux\". Il est question de passeports sanitaires et de sanctions pour ceux qui refusent les tests et les vaccins. Nombre des objectifs propos\u00e9s, tels que la r\u00e9partition des richesses et la limitation des d\u00e9placements, s'inscrivent dans le cadre de la destruction \u00e9conomique et sociale \u00e0 laquelle nous assistons actuellement.<\/em><\/p><cite>Kevin Smith pour OffGuardian<\/cite><\/blockquote>\n\n\n\n<blockquote class=\"wp-block-quote is-layout-flow wp-block-quote-is-layout-flow\"><p><em><em><em>In summary, the means, motive and opportunity is there. In my view a global coup is clearly under way.<\/em><\/em><\/em><br>---<br><em>En r\u00e9sum\u00e9, les moyens, le motif et l'opportunit\u00e9 sont l\u00e0. \u00c0 mon avis, un coup d'\u00c9tat mondial est clairement en cours.<\/em><\/p><cite>Kevin Smith pour OffGuardian<\/cite><\/blockquote>\n\n\n\n<blockquote class=\"wp-block-quote is-layout-flow wp-block-quote-is-layout-flow\"><p><em><em><em>Untested, experimental vaccines in 2021 which threaten serious side-affects and fertility is astonishing and terrifying. Particularly given the 10-month timeline of government and media misrepresentation, pseudoscience, fearmongering and outright lies.<\/em><\/em><\/em><br>---<br><em>Des vaccins exp\u00e9rimentaux non test\u00e9s en 2021 qui menacent d'avoir de graves effets secondaires et d'affecter la fertilit\u00e9 est ahurissant et terrifiant. Surtout si l'on consid\u00e8re le d\u00e9lai de dix mois dans lequel le gouvernement et les m\u00e9dias font de fausses d\u00e9clarations, font de la pseudo-science, suscitent la peur et mentent carr\u00e9ment.<\/em><\/p><cite>Kevin Smith pour OffGuardian<\/cite><\/blockquote>\n\n\n\n<blockquote class=\"wp-block-quote is-layout-flow wp-block-quote-is-layout-flow\"><p><em><em><em>Naturally over 10 months a lot of things have happened. People tend to view events in isolation and then move on forgetting what has happened before. People are therefore confused and have questions. Some of these questions are ones I asked myself at the beginning and during my journey.<\/em><\/em><\/em><br>---<br><em>Naturellement, en dix mois, beaucoup de choses se sont pass\u00e9es. Les gens ont tendance \u00e0 consid\u00e9rer les \u00e9v\u00e9nements de mani\u00e8re isol\u00e9e et \u00e0 oublier ce qui s'est pass\u00e9 auparavant. Les gens sont donc confus et se posent des questions. Certaines de ces questions sont celles que je me suis pos\u00e9es au d\u00e9but et au cours de mon voyage.<\/em><\/p><cite>Kevin Smith pour OffGuardian<\/cite><\/blockquote>\n\n\n\n<blockquote class=\"wp-block-quote is-layout-flow wp-block-quote-is-layout-flow\"><p><em><em><em>\u201cThe Great Reset is just another conspiracy theory, surely?\u201d<\/em><\/em><\/em><br><em>Well, no it\u2019s not. As I said above it\u2019s a real agenda. The question is whether it is one \u2018parked up\u2019 or one in progress. All the evidence mentioned above suggests it\u2019s now firmly in play.<\/em><br>---<br><em>\"La Grande R\u00e9initialisation n'est qu'une autre th\u00e9orie du complot, s\u00fbrement ?\"<\/em><br><em>Eh bien, non, ce n'est pas le cas. Comme je l'ai dit plus haut, c'est un v\u00e9ritable programme. La question est de savoir si c'est un programme \"en attente\" ou en cours. Tous les \u00e9l\u00e9ments mentionn\u00e9s ci-dessus sugg\u00e8rent qu'il est maintenant fermement en cours.<\/em><\/p><cite>Kevin Smith pour OffGuardian<\/cite><\/blockquote>\n\n\n\n<blockquote class=\"wp-block-quote is-layout-flow wp-block-quote-is-layout-flow\"><p><em><em><em>No, not all are lying. Some are complicit, some know or suspect something but are too afraid to speak out and many are likely to be clueless of what\u2019s going on and the wider agenda. The big part of this is the conflicts of interest, such as career advancement or preservation.<\/em><\/em><\/em><br>---<br><em>Non, tous ne mentent pas. Certains sont complices, d'autres savent ou soup\u00e7onnent quelque chose, mais ont trop peur de le dire et beaucoup sont susceptibles de ne pas savoir ce qui se passe et ce qui est \u00e0 l'ordre du jour. La grande partie de ce ph\u00e9nom\u00e8ne est due aux conflits d'int\u00e9r\u00eats, comme l'avancement ou la pr\u00e9servation de la carri\u00e8re.<\/em><\/p><cite>Kevin Smith pour OffGuardian<\/cite><\/blockquote>\n\n\n\n<blockquote class=\"wp-block-quote is-layout-flow wp-block-quote-is-layout-flow\"><p><em><em><em>Essentially, it\u2019s similar to how Nazi Germany managed to gather so much support from its population.<\/em><\/em><\/em><br>---<br><em>Essentiellement, c'est similaire \u00e0 la fa\u00e7on dont l'Allemagne nazie a r\u00e9ussi \u00e0 recueillir autant de soutien de la part de sa population.<\/em><\/p><cite>Kevin Smith pour OffGuardian<\/cite><\/blockquote>\n\n\n\n<p><\/p>\n","protected":false},"excerpt":{"rendered":"<p>Une int\u00e9ressante ressource sur comment d\u00e9montrer \u00e0 votre entourage, rest\u00e9 na\u00eff, que le discours officiel est tr\u00e8s \u00e9loign\u00e9 de la r\u00e9alit\u00e9 et que la v\u00e9rit\u00e9 est bien plus terrifiante que le virus.<\/p>\n","protected":false},"author":2,"featured_media":0,"comment_status":"open","ping_status":"open","sticky":false,"template":"","format":"standard","meta":{"footnotes":""},"categories":[77,6,13,14,17],"tags":[22,26,28],"class_list":["post-876","post","type-post","status-publish","format-standard","hentry","category-covid19","category-democratie","category-opinion","category-pourquoi","category-ressources","tag-great-reset","tag-opinion","tag-relativiser"],"_links":{"self":[{"href":"https:\/\/crudelis.fr\/site\/covid1984\/wp-json\/wp\/v2\/posts\/876","targetHints":{"allow":["GET"]}}],"collection":[{"href":"https:\/\/crudelis.fr\/site\/covid1984\/wp-json\/wp\/v2\/posts"}],"about":[{"href":"https:\/\/crudelis.fr\/site\/covid1984\/wp-json\/wp\/v2\/types\/post"}],"author":[{"embeddable":true,"href":"https:\/\/crudelis.fr\/site\/covid1984\/wp-json\/wp\/v2\/users\/2"}],"replies":[{"embeddable":true,"href":"https:\/\/crudelis.fr\/site\/covid1984\/wp-json\/wp\/v2\/comments?post=876"}],"version-history":[{"count":1,"href":"https:\/\/crudelis.fr\/site\/covid1984\/wp-json\/wp\/v2\/posts\/876\/revisions"}],"predecessor-version":[{"id":2270,"href":"https:\/\/crudelis.fr\/site\/covid1984\/wp-json\/wp\/v2\/posts\/876\/revisions\/2270"}],"wp:attachment":[{"href":"https:\/\/crudelis.fr\/site\/covid1984\/wp-json\/wp\/v2\/media?parent=876"}],"wp:term":[{"taxonomy":"category","embeddable":true,"href":"https:\/\/crudelis.fr\/site\/covid1984\/wp-json\/wp\/v2\/categories?post=876"},{"taxonomy":"post_tag","embeddable":true,"href":"https:\/\/crudelis.fr\/site\/covid1984\/wp-json\/wp\/v2\/tags?post=876"}],"curies":[{"name":"wp","href":"https:\/\/api.w.org\/{rel}","templated":true}]}}