{"id":878,"date":"2021-01-21T13:11:48","date_gmt":"2021-01-21T13:11:48","guid":{"rendered":"https:\/\/covid1984.nohost.me\/blog\/?p=878"},"modified":"2022-08-20T11:08:11","modified_gmt":"2022-08-20T11:08:11","slug":"plus-de-30-medecins-sexpriment-sur-la-pandemie-et-les-risques-du-vaccin","status":"publish","type":"post","link":"https:\/\/crudelis.fr\/site\/covid1984\/2021\/01\/21\/plus-de-30-medecins-sexpriment-sur-la-pandemie-et-les-risques-du-vaccin\/","title":{"rendered":"Plus de 30 m\u00e9decins s'expriment sur la pand\u00e9mie et les risques du vaccin"},"content":{"rendered":"\n<p>Plus de 30 m\u00e9decins et professionnels de sant\u00e9 se succ\u00e8dent dans cette vid\u00e9o pour exprimer leurs doute sur la r\u00e9alit\u00e9 de la pand\u00e9mie et les risques tr\u00e8s importants du vaccin.<\/p>\n\n\n\n<!--more-->\n\n\n\n<figure class=\"wp-block-table\"><table class=\"has-subtle-pale-blue-background-color has-background\"><tbody><tr><td>Cette vid\u00e9o est en anglais, sans sous-titres, \u00e0 l'exception de 2 interventions.<br>Vous pouvez toutefois lire la retranscription compl\u00e8te de la vid\u00e9o \u00e0 cette adresse: <a rel=\"noreferrer noopener\" href=\"https:\/\/thrivespinecenter.com\/doctors-speak-out-on-the-new-covid-19-vaccine\/\" target=\"_blank\">thrivespinecenter.com\/doctors-speak-out-on-the-new-covid-19-vaccine<\/a> et la traduire avec <a rel=\"noreferrer noopener\" href=\"https:\/\/www.deepl.com\/translator\" target=\"_blank\">Deepl<\/a>.<\/td><\/tr><\/tbody><\/table><\/figure>\n\n\n\n<p><a rel=\"noreferrer noopener\" href=\"https:\/\/odysee.com\/@HumanitysVault:a\/Ask-The-Experts-about-Coronavirus-vaccine:c\" data-type=\"URL\" data-id=\"https:\/\/odysee.com\/@HumanitysVault:a\/Ask-The-Experts-about-Coronavirus-vaccine:c\" target=\"_blank\">Odysee - Ask The Experts about Coronavirus vaccine<\/a><br><em>27 minutes.<\/em><\/p>\n\n\n\n<hr class=\"wp-block-separator is-style-dots\" \/>\n\n\n\n<blockquote class=\"wp-block-quote is-layout-flow wp-block-quote-is-layout-flow\"><p><em>This is not a real medical pandemic. The death rates in Norway are not higher than on average here.<\/em><br>---<br><em>Il ne s'agit pas d'une v\u00e9ritable pand\u00e9mie m\u00e9dicale. Le taux de mortalit\u00e9 en Norv\u00e8ge n'est pas plus \u00e9lev\u00e9 qu'en moyenne ici.<\/em><\/p><cite>Dr. Nils R Fosse<\/cite><\/blockquote>\n\n\n\n<blockquote class=\"wp-block-quote is-layout-flow wp-block-quote-is-layout-flow\"><p><br><em>The COVID-19 vaccines are not proven to be safe or effective. We believe that it is reckless and unnecessary to roll out these essentially experimental vaccines that are using a completely new mRNA technology to millions of people when there is only limited short-term safety data, no evidence that they will prevent transmission of the virus, and no long-term safety data<\/em><br>---<br><em>Les vaccins COVID-19 n'ont pas fait la preuve de leur innocuit\u00e9 ni de leur efficacit\u00e9. Nous pensons qu'il est imprudent et inutile de d\u00e9ployer ces vaccins essentiellement exp\u00e9rimentaux qui utilisent une toute nouvelle technologie d'ARNm sur des millions de personnes alors que les donn\u00e9es de s\u00e9curit\u00e9 \u00e0 court terme sont limit\u00e9es, qu'il n'y a aucune preuve qu'ils emp\u00eacheront la transmission du virus et qu'il n'y a pas de donn\u00e9es de s\u00e9curit\u00e9 \u00e0 long terme<\/em><\/p><cite>Dr. Elizabeth Evans<\/cite><\/blockquote>\n\n\n\n<blockquote class=\"wp-block-quote is-layout-flow wp-block-quote-is-layout-flow\"><p><em>The whole COVID-19 scam is, as I said in March 2020, the greatest hoax in history.<\/em><br>---<br><em>Toute l'escroquerie COVID-19 est, comme je l'ai dit en mars 2020, le plus grand canular de l'histoire.<\/em><\/p><cite>Dr. Vernon Coleman<\/cite><\/blockquote>\n\n\n\n<blockquote class=\"wp-block-quote is-layout-flow wp-block-quote-is-layout-flow\"><p><em>We believe that there has been an overestimation of the public health risk from SARS-CoV-2 due to misrepresentation of data and inappropriate use of the PCR test.<\/em><br>---<br><em>Nous pensons qu'il y a eu une surestimation du risque pour la sant\u00e9 publique li\u00e9 au SRAS-CoV-2 en raison de la d\u00e9formation des donn\u00e9es et de l'utilisation inappropri\u00e9e du test PCR.<\/em><\/p><cite>Dr. Anna Forbes<\/cite><\/blockquote>\n\n\n\n<blockquote class=\"wp-block-quote is-layout-flow wp-block-quote-is-layout-flow\"><p><em><em><em>The Corona vaccine is not proven safe or effective. There is no medical emergency. It is a fake pandemic. The Coronavirus is in terms of harmfulness mortality and transmissibility comparable to a seasonal flu. And I can only reject the extreme disproportionate measures that are taken by our governments. There is no emergency situation. It was all orchestrated to make you fearful enough to take the vaccine.<\/em><\/em><\/em><br>---<br><em>Le vaccin corona n'est pas prouv\u00e9 s\u00fbr ou efficace. Il n'y a pas d'urgence m\u00e9dicale. Il s'agit d'une fausse pand\u00e9mie. Le coronavirus est, en termes de nocivit\u00e9, de mortalit\u00e9 et de transmissibilit\u00e9, comparable \u00e0 une grippe saisonni\u00e8re. Et je ne peux que rejeter les mesures extr\u00eamement disproportionn\u00e9es qui sont prises par nos gouvernements. Il n'y a pas de situation d'urgence. Tout a \u00e9t\u00e9 orchestr\u00e9 pour vous rendre suffisamment craintif pour prendre le vaccin.<\/em><\/p><cite>Dr. Johan Denis<\/cite><\/blockquote>\n\n\n\n<blockquote class=\"wp-block-quote is-layout-flow wp-block-quote-is-layout-flow\"><p><em><em>More and more, we see that this is really not a medical pandemic. The measures for Corona cause far more collateral damage than the virus causes itself.<\/em><\/em><br><em>Worldwide, we see that the numbers of cases are falsely presented in order to drive the population to obedient behavior and to vaccination.<br>So, please be critical. Do your own research, and don\u2019t let the media manipulate you.<br>I think it\u2019s time to react, time to stand up for your freedom, for the future of your children.<\/em><br>---<br><em>De plus en plus, on constate qu'il ne s'agit pas vraiment d'une pand\u00e9mie m\u00e9dicale. Les mesures prises pour le corona causent bien plus de dommages collat\u00e9raux que le virus lui-m\u00eame.<\/em><br><em>Dans le monde entier, nous constatons que le nombre de cas est pr\u00e9sent\u00e9 de mani\u00e8re erron\u00e9e afin d'inciter la population \u00e0 adopter un comportement ob\u00e9issant et \u00e0 se faire vacciner.<\/em><br><em>Soyez donc critiques. Faites vos propres recherches, et ne vous laissez pas manipuler par les m\u00e9dias.<\/em><br><em>Je pense qu'il est temps de r\u00e9agir, de d\u00e9fendre votre libert\u00e9, l'avenir de vos enfants.<\/em><\/p><cite>Dr. Anne Fierlafijn<\/cite><\/blockquote>\n\n\n\n<blockquote class=\"wp-block-quote is-layout-flow wp-block-quote-is-layout-flow\"><p><em><em><em>They have been trying to develop a Coronavirus vaccine since 2002 since we had SARS. And every animal study that they\u2019ve done, [\u2026] all the animals ended up with a paradoxical immune response in which the antibody levels that were very high actually accelerated the infection, made it much worse, and allowed the pieces of the virus to go inside of the cell and be incorporated into the DNA of the recipient of that vaccine<\/em><\/em><\/em><br>---<br><em>Ils essaient de d\u00e9velopper un vaccin contre le coronavirus depuis 2002, depuis que nous avons eu le SRAS. Et \u00e0 chaque fois qu'ils ont fait des \u00e9tudes sur les animaux, [\u2026] tous les animaux ont eu une r\u00e9ponse immunitaire paradoxale dans laquelle les niveaux d'anticorps tr\u00e8s \u00e9lev\u00e9s ont en fait acc\u00e9l\u00e9r\u00e9 l'infection, l'ont aggrav\u00e9e et ont permis aux morceaux du virus de p\u00e9n\u00e9trer dans la cellule et de s'incorporer dans l'ADN du receveur de ce vaccin<\/em><\/p><cite>Dr. Sherri Tenpenny<\/cite><\/blockquote>\n\n\n\n<p><\/p>\n","protected":false},"excerpt":{"rendered":"<p>Plus de 30 m\u00e9decins et professionnels de sant\u00e9 se succ\u00e8dent dans cette vid\u00e9o pour exprimer leurs doute sur la r\u00e9alit\u00e9 de la pand\u00e9mie et les risques tr\u00e8s importants du vaccin.<\/p>\n","protected":false},"author":2,"featured_media":0,"comment_status":"open","ping_status":"open","sticky":false,"template":"","format":"standard","meta":{"footnotes":""},"categories":[3,77,20,14,17,19],"tags":[27,30,31,32],"class_list":["post-878","post","type-post","status-publish","format-standard","hentry","category-alerte","category-covid19","category-danger-vaccin","category-pourquoi","category-ressources","category-vaccin","tag-peur","tag-pcr","tag-vaccin","tag-video"],"_links":{"self":[{"href":"https:\/\/crudelis.fr\/site\/covid1984\/wp-json\/wp\/v2\/posts\/878","targetHints":{"allow":["GET"]}}],"collection":[{"href":"https:\/\/crudelis.fr\/site\/covid1984\/wp-json\/wp\/v2\/posts"}],"about":[{"href":"https:\/\/crudelis.fr\/site\/covid1984\/wp-json\/wp\/v2\/types\/post"}],"author":[{"embeddable":true,"href":"https:\/\/crudelis.fr\/site\/covid1984\/wp-json\/wp\/v2\/users\/2"}],"replies":[{"embeddable":true,"href":"https:\/\/crudelis.fr\/site\/covid1984\/wp-json\/wp\/v2\/comments?post=878"}],"version-history":[{"count":1,"href":"https:\/\/crudelis.fr\/site\/covid1984\/wp-json\/wp\/v2\/posts\/878\/revisions"}],"predecessor-version":[{"id":2269,"href":"https:\/\/crudelis.fr\/site\/covid1984\/wp-json\/wp\/v2\/posts\/878\/revisions\/2269"}],"wp:attachment":[{"href":"https:\/\/crudelis.fr\/site\/covid1984\/wp-json\/wp\/v2\/media?parent=878"}],"wp:term":[{"taxonomy":"category","embeddable":true,"href":"https:\/\/crudelis.fr\/site\/covid1984\/wp-json\/wp\/v2\/categories?post=878"},{"taxonomy":"post_tag","embeddable":true,"href":"https:\/\/crudelis.fr\/site\/covid1984\/wp-json\/wp\/v2\/tags?post=878"}],"curies":[{"name":"wp","href":"https:\/\/api.w.org\/{rel}","templated":true}]}}