{"id":89,"date":"2020-10-30T12:58:21","date_gmt":"2020-10-30T12:58:21","guid":{"rendered":"https:\/\/covid1984.nohost.me\/?p=89"},"modified":"2022-09-08T11:52:42","modified_gmt":"2022-09-08T11:52:42","slug":"culpabilisation-conditionnement-mensonge-le-dr-badel-denonce-des-techniques-de-manipulation-mentale-dignes-des-regimes-totalitaires","status":"publish","type":"post","link":"https:\/\/crudelis.fr\/site\/covid1984\/2020\/10\/30\/culpabilisation-conditionnement-mensonge-le-dr-badel-denonce-des-techniques-de-manipulation-mentale-dignes-des-regimes-totalitaires\/","title":{"rendered":"\u201cCulpabilisation, conditionnement, mensonge\u2026\u201d Le Dr Badel d\u00e9nonce des \u201ctechniques de manipulation mentale dignes des r\u00e9gimes totalitaires\u201d"},"content":{"rendered":"\n<p>Une tribune tr\u00e8s int\u00e9ressante \u00e0 lire sur la situation actuelle et la m\u00e9canique de la peur au 7 septembre 2020.<\/p>\n\n\n\n<!--more-->\n\n\n\n<figure class=\"wp-block-table\"><table class=\"has-subtle-light-gray-background-color has-background\"><tbody><tr><td class=\"has-text-align-center\" data-align=\"center\"><strong><strong>OPINION<\/strong><br><br>Cet article exprime l'opinion personnelle de son auteur.<\/strong><\/td><\/tr><\/tbody><\/table><\/figure>\n\n\n\n<p><a rel=\"noreferrer noopener\" href=\"https:\/\/qactus.fr\/2020\/09\/09\/q-infos-culpabilisation-conditionnement-mensonge\/\" data-type=\"URL\" data-id=\"https:\/\/qactus.fr\/2020\/09\/09\/q-infos-culpabilisation-conditionnement-mensonge\/\" target=\"_blank\">Qactus - \u201cCulpabilisation, conditionnement, mensonge\u2026\u201d Le Dr Badel d\u00e9nonce des \u201ctechniques de manipulation mentale dignes des r\u00e9gimes totalitaires\u201d<\/a><br><em>Temps de lecture: 14-18 minutes.<\/em> (<a href=\"https:\/\/crudelis.fr\/site\/covid1984\/wp-content\/uploads\/sites\/8\/2022\/09\/Q-INFOS-\u2013-Culpabilisation-conditionnement-mensonge\u2026-\u2013-LInformateur.pdf\">T\u00e9l\u00e9charger l'article original en pdf<\/a>)<\/p>\n\n\n\n<hr class=\"wp-block-separator has-css-opacity is-style-dots\"\/>\n\n\n\n<blockquote class=\"wp-block-quote is-layout-flow wp-block-quote-is-layout-flow\"><p><em>Ne pouvant continuer \u00e0 nous conditionner en \u00e9grainant quotidiennement les nombres des malades ou des victimes d\u00e9c\u00e9d\u00e9es, ces derniers diminuant, le chiffre des cas positifs est substitu\u00e9, entretenant ainsi le sentiment de peur.<\/em><\/p><cite>Dr Fr\u00e9d\u00e9ric Badel<\/cite><\/blockquote>\n\n\n\n<blockquote class=\"wp-block-quote is-layout-flow wp-block-quote-is-layout-flow\"><p><em>[...] toute personne ayant un avis divergeant est suspect\u00e9 de complotisme, de liens avec l\u2019extr\u00eame droite. Ce proc\u00e9d\u00e9 permet de faire l\u2019\u00e9conomie d\u2019une r\u00e9flexion pourtant indispensable [...]<\/em><\/p><cite>Dr Fr\u00e9d\u00e9ric Badel<\/cite><\/blockquote>\n\n\n\n<blockquote class=\"wp-block-quote is-layout-flow wp-block-quote-is-layout-flow\"><p><em>[...] il est laiss\u00e9 \u00e0 l\u2019appr\u00e9ciation de chacun de porter le masque \u00e0 l\u2019ext\u00e9rieur dans certaines villes mais un plan de reconfinement est d\u00e9j\u00e0 pr\u00eat si l\u2019\u00e9pid\u00e9mie repart. Ce proc\u00e9d\u00e9, bien connu des psychiatres, est un proc\u00e9d\u00e9 qui rend fou.<\/em><\/p><cite>Dr Fr\u00e9d\u00e9ric Badel<\/cite><\/blockquote>\n\n\n\n<blockquote class=\"wp-block-quote is-layout-flow wp-block-quote-is-layout-flow\"><p><em>Nous sommes pr\u00e9par\u00e9s \u00e0 des mesures restrictives \u00ab jusqu\u2019\u00e0 la vaccination \u00bb. Aucune autre voie de sortie ne semble envisageable.<\/em><\/p><cite>Dr Fr\u00e9d\u00e9ric Badel<\/cite><\/blockquote>\n\n\n\n<blockquote class=\"wp-block-quote is-layout-flow wp-block-quote-is-layout-flow\"><p><em>Le cocktail conditionnement \u00e0 la peur, culpabilisation, sanction est extr\u00eamement efficace.<\/em><\/p><cite>Dr Fr\u00e9d\u00e9ric Badel<\/cite><\/blockquote>\n\n\n\n<blockquote class=\"wp-block-quote is-layout-flow wp-block-quote-is-layout-flow\"><p><em>Mandat est donn\u00e9 aux \u00e9lus de prot\u00e9ger les citoyens, pas de les b\u00e2illonner ou de les priver de leurs moyens de subsistance.<\/em><\/p><cite>Dr Fr\u00e9d\u00e9ric Badel<\/cite><\/blockquote>\n\n\n\n<blockquote class=\"wp-block-quote is-layout-flow wp-block-quote-is-layout-flow\"><p><em>Si le virus fait de nouvelles victimes, et il en fera dans les populations fragiles d\u00e8s l\u2019automne comme le font les virus chaque ann\u00e9e, on pourra dire que celui qui n\u2019a pas appliqu\u00e9 strictement les consignes est fautif.<\/em><\/p><cite>Dr Fr\u00e9d\u00e9ric Badel<\/cite><\/blockquote>\n\n\n\n<blockquote class=\"wp-block-quote is-layout-flow wp-block-quote-is-layout-flow\"><p><em>Quand un Etat d\u00e9cide du bonheur de son peuple et qu\u2019il le juge incapable de d\u00e9cider par et pour lui-m\u00eame, la voie est ouverte \u00e0 la dictature<\/em> [...]<\/p><cite>Dr Fr\u00e9d\u00e9ric Badel<\/cite><\/blockquote>\n","protected":false},"excerpt":{"rendered":"<p>Une tribune tr\u00e8s int\u00e9ressante \u00e0 lire sur la situation actuelle et la m\u00e9canique de la peur au 7 septembre 2020.<\/p>\n","protected":false},"author":2,"featured_media":0,"comment_status":"open","ping_status":"open","sticky":false,"template":"","format":"standard","meta":{"footnotes":""},"categories":[2,77,13],"tags":[26,27],"class_list":["post-89","post","type-post","status-publish","format-standard","hentry","category-actualite","category-covid19","category-opinion","tag-opinion","tag-peur"],"_links":{"self":[{"href":"https:\/\/crudelis.fr\/site\/covid1984\/wp-json\/wp\/v2\/posts\/89","targetHints":{"allow":["GET"]}}],"collection":[{"href":"https:\/\/crudelis.fr\/site\/covid1984\/wp-json\/wp\/v2\/posts"}],"about":[{"href":"https:\/\/crudelis.fr\/site\/covid1984\/wp-json\/wp\/v2\/types\/post"}],"author":[{"embeddable":true,"href":"https:\/\/crudelis.fr\/site\/covid1984\/wp-json\/wp\/v2\/users\/2"}],"replies":[{"embeddable":true,"href":"https:\/\/crudelis.fr\/site\/covid1984\/wp-json\/wp\/v2\/comments?post=89"}],"version-history":[{"count":2,"href":"https:\/\/crudelis.fr\/site\/covid1984\/wp-json\/wp\/v2\/posts\/89\/revisions"}],"predecessor-version":[{"id":2475,"href":"https:\/\/crudelis.fr\/site\/covid1984\/wp-json\/wp\/v2\/posts\/89\/revisions\/2475"}],"wp:attachment":[{"href":"https:\/\/crudelis.fr\/site\/covid1984\/wp-json\/wp\/v2\/media?parent=89"}],"wp:term":[{"taxonomy":"category","embeddable":true,"href":"https:\/\/crudelis.fr\/site\/covid1984\/wp-json\/wp\/v2\/categories?post=89"},{"taxonomy":"post_tag","embeddable":true,"href":"https:\/\/crudelis.fr\/site\/covid1984\/wp-json\/wp\/v2\/tags?post=89"}],"curies":[{"name":"wp","href":"https:\/\/api.w.org\/{rel}","templated":true}]}}