{"id":898,"date":"2021-01-24T11:40:10","date_gmt":"2021-01-24T11:40:10","guid":{"rendered":"https:\/\/covid1984.nohost.me\/blog\/?p=898"},"modified":"2022-08-20T11:08:10","modified_gmt":"2022-08-20T11:08:10","slug":"montpellier-ces-soignants-refusent-de-se-faire-vacciner-contre-le-coronavirus-ils-expliquent-pourquoi","status":"publish","type":"post","link":"https:\/\/crudelis.fr\/site\/covid1984\/2021\/01\/24\/montpellier-ces-soignants-refusent-de-se-faire-vacciner-contre-le-coronavirus-ils-expliquent-pourquoi\/","title":{"rendered":"Montpellier : ces soignants refusent de se faire vacciner contre le coronavirus, ils expliquent pourquoi"},"content":{"rendered":"\n<p>Quand ceux-l\u00e0 m\u00eame qui sont au front refusent le vaccin, tout le monde devrait y r\u00e9fl\u00e9chir.<br>Quand les sachants \u00e9mettent des r\u00e9serves, il est bon d'y pr\u00eater l'oreille.<\/p>\n\n\n\n<!--more-->\n\n\n\n<p><a rel=\"noreferrer noopener\" href=\"https:\/\/www.midilibre.fr\/2021\/01\/23\/montpellier-ces-soignants-refusent-de-se-faire-vacciner-contre-le-coronavirus-ils-expliquent-pourquoi-9328254.php\" data-type=\"URL\" data-id=\"https:\/\/www.midilibre.fr\/2021\/01\/23\/montpellier-ces-soignants-refusent-de-se-faire-vacciner-contre-le-coronavirus-ils-expliquent-pourquoi-9328254.php\" target=\"_blank\">Midi Libre - Montpellier : ces soignants refusent de se faire vacciner contre le coronavirus, ils expliquent pourquoi<\/a><br><em>Temps de lecture: 4 minutes.<\/em><\/p>\n\n\n\n<hr class=\"wp-block-separator is-style-dots\" \/>\n\n\n\n<blockquote class=\"wp-block-quote is-layout-flow wp-block-quote-is-layout-flow\"><p><em>D\u00e9lai record d\u2019\u00e9laboration, adjuvants pr\u00e9judiciables, absence de recul, pr\u00e9curseur de maladies graves\u2026 On l\u2019accuse de tous les maux, surtout le vaccin \u00e0 ARN messager, soup\u00e7onn\u00e9 de venir \"jouer les perturbateurs dans le g\u00e9nome\", comme le craint Karine, cadre de sant\u00e9 au CHU [...]<\/em><\/p><cite>Midi Libre<\/cite><\/blockquote>\n\n\n\n<blockquote class=\"wp-block-quote is-layout-flow wp-block-quote-is-layout-flow\"><p><em><em>Refroidie par le vaccin de la grippe qui l\u2019avait clou\u00e9e au lit \"avec une fi\u00e8vre de cheval\", elle ne se sent pas pr\u00eate, pr\u00e9f\u00e9rant \"attendre de voir ce que cela produit chez les autres\".<\/em><\/em><\/p><cite>Midi Libre<\/cite><\/blockquote>\n\n\n\n<blockquote class=\"wp-block-quote is-layout-flow wp-block-quote-is-layout-flow\"><p><em><em><em>Marie, soignante, 50 ans est surtout pour \"qu\u2019on nous fiche la paix. Il faut arr\u00eater de faire psychoter les gens ! Ceux qui sont d\u00e9c\u00e9d\u00e9s, ce sont les plus \u00e2g\u00e9s, et les plus malades. Ils sont partis un peu plus t\u00f4t. Travailler au CHU, \u00e7a vous fait relativiser\".<\/em><\/em><\/em><\/p><cite>Midi Libre<\/cite><\/blockquote>\n\n\n\n<blockquote class=\"wp-block-quote is-layout-flow wp-block-quote-is-layout-flow\"><p><em><em><em>Le passeport vaccinal n\u2019est pour elle que cette carotte pour inciter \u00e0 se faire piquer. \"Je voyagerai dans les pays qui ne l\u2019exigent pas mais que l\u2019on ne me dise pas qu\u2019en moins d\u2019un an, on a pu trouver la solution miracle !\".<\/em><\/em><\/em><\/p><cite>Midi Libre<\/cite><\/blockquote>\n","protected":false},"excerpt":{"rendered":"<p>Quand ceux-l\u00e0 m\u00eame qui sont au front refusent le vaccin, tout le monde devrait y r\u00e9fl\u00e9chir.Quand les sachants \u00e9mettent des r\u00e9serves, il est bon d'y pr\u00eater l'oreille.<\/p>\n","protected":false},"author":2,"featured_media":0,"comment_status":"open","ping_status":"open","sticky":false,"template":"","format":"standard","meta":{"footnotes":""},"categories":[2,77,20,19],"tags":[28,31],"class_list":["post-898","post","type-post","status-publish","format-standard","hentry","category-actualite","category-covid19","category-danger-vaccin","category-vaccin","tag-relativiser","tag-vaccin"],"_links":{"self":[{"href":"https:\/\/crudelis.fr\/site\/covid1984\/wp-json\/wp\/v2\/posts\/898","targetHints":{"allow":["GET"]}}],"collection":[{"href":"https:\/\/crudelis.fr\/site\/covid1984\/wp-json\/wp\/v2\/posts"}],"about":[{"href":"https:\/\/crudelis.fr\/site\/covid1984\/wp-json\/wp\/v2\/types\/post"}],"author":[{"embeddable":true,"href":"https:\/\/crudelis.fr\/site\/covid1984\/wp-json\/wp\/v2\/users\/2"}],"replies":[{"embeddable":true,"href":"https:\/\/crudelis.fr\/site\/covid1984\/wp-json\/wp\/v2\/comments?post=898"}],"version-history":[{"count":1,"href":"https:\/\/crudelis.fr\/site\/covid1984\/wp-json\/wp\/v2\/posts\/898\/revisions"}],"predecessor-version":[{"id":2264,"href":"https:\/\/crudelis.fr\/site\/covid1984\/wp-json\/wp\/v2\/posts\/898\/revisions\/2264"}],"wp:attachment":[{"href":"https:\/\/crudelis.fr\/site\/covid1984\/wp-json\/wp\/v2\/media?parent=898"}],"wp:term":[{"taxonomy":"category","embeddable":true,"href":"https:\/\/crudelis.fr\/site\/covid1984\/wp-json\/wp\/v2\/categories?post=898"},{"taxonomy":"post_tag","embeddable":true,"href":"https:\/\/crudelis.fr\/site\/covid1984\/wp-json\/wp\/v2\/tags?post=898"}],"curies":[{"name":"wp","href":"https:\/\/api.w.org\/{rel}","templated":true}]}}