{"id":905,"date":"2021-01-26T12:19:49","date_gmt":"2021-01-26T12:19:49","guid":{"rendered":"https:\/\/covid1984.nohost.me\/blog\/?p=905"},"modified":"2022-08-20T11:08:10","modified_gmt":"2022-08-20T11:08:10","slug":"pays-bas-danemark-liban-les-soulevements-se-multiplient-contre-les-restrictions","status":"publish","type":"post","link":"https:\/\/crudelis.fr\/site\/covid1984\/2021\/01\/26\/pays-bas-danemark-liban-les-soulevements-se-multiplient-contre-les-restrictions\/","title":{"rendered":"Pays-Bas, Danemark, Liban : les soul\u00e8vements se multiplient contre les restrictions"},"content":{"rendered":"\n<p>L'Europe et le monde se soul\u00e8ve contre la tyrannie, les britanniques veulent un GREAT REOPENING le 30 janvier, les fran\u00e7ais une d\u00e9sob\u00e9issance civile le 1er f\u00e9vrier.<\/p>\n\n\n\n<!--more-->\n\n\n\n<p><a rel=\"noreferrer noopener\" href=\"https:\/\/www.estrepublicain.fr\/societe\/2021\/01\/26\/pays-bas-danemark-liban-les-soulevements-se-multiplient-contre-les-restrictions\" target=\"_blank\">L'Est R\u00e9publicain - Pays-Bas, Danemark, Liban&nbsp;: les soul\u00e8vements se multiplient contre les restrictions<\/a><br><em>Temps de lecture: 7-9 minutes.<\/em><\/p>\n\n\n\n<hr class=\"wp-block-separator is-style-dots\" \/>\n\n\n\n<blockquote class=\"wp-block-quote is-layout-flow wp-block-quote-is-layout-flow\"><p><em>La grogne des N\u00e9erlandais est mont\u00e9e ce week-end, apr\u00e8s l'entr\u00e9e en vigueur du couvre-feu dans le pays. C'est une premi\u00e8re depuis la Seconde Guerre mondiale.<\/em><\/p><cite>L'Est R\u00e9publicain<\/cite><\/blockquote>\n\n\n\n<blockquote class=\"wp-block-quote is-layout-flow wp-block-quote-is-layout-flow\"><p><em><em>Une grogne similaire contre les restrictions est \u00e9galement apparue lundi \u00e0 Tripoli, la grande ville du nord du Liban, o\u00f9 les forces de s\u00e9curit\u00e9 ont d\u00fb contenir des jeunes protestataires qui visaient le si\u00e8ge des autorit\u00e9s locales.<\/em><\/em><\/p><cite>L'Est R\u00e9publicain<\/cite><\/blockquote>\n\n\n\n<blockquote class=\"wp-block-quote is-layout-flow wp-block-quote-is-layout-flow\"><p><em><em><em>Face \u00e0 ces restrictions, des manifestations ont \u00e9galement eu lieu samedi en Espagne et au Danemark. Des milliers de personnes ont manifest\u00e9 \u00e0 Madrid, d\u00e9non\u00e7ant la \"tromperie\" d\u2019un virus qui, selon certains manifestants, \"n\u2019existe pas\".<\/em><\/em><\/em><\/p><cite>L'Est R\u00e9publicain<\/cite><\/blockquote>\n\n\n\n<blockquote class=\"wp-block-quote is-layout-flow wp-block-quote-is-layout-flow\"><p><em><em><em>Plusieurs centaines de personnes s'\u00e9taient \u00e9galement rassembl\u00e9es en d\u00e9but de soir\u00e9e avant de d\u00e9filer avec des flambeaux \u00e0 Copenhague, la capitale danoise, aux cris de \"Libert\u00e9 pour le Danemark, nous en avons eu assez !\" contre les mesures anti-coronavirus prises par l'ex\u00e9cutif.<\/em><\/em><\/em><\/p><cite>L'Est R\u00e9publicain<\/cite><\/blockquote>\n\n\n\n<blockquote class=\"wp-block-quote is-layout-flow wp-block-quote-is-layout-flow\"><p><em><em><em>Ce ne sont pas les premi\u00e8res manifestations anti-restrictions. D'autres avaient d\u00e9j\u00e0 eu lieu en Espagne, au Danemark, mais aussi en Allemagne, en Italie et en Suisse.<\/em><\/em><\/em><\/p><cite>L'Est R\u00e9publicain<\/cite><\/blockquote>\n\n\n\n<blockquote class=\"wp-block-quote is-layout-flow wp-block-quote-is-layout-flow\"><p><em><em><em>Sur Twitter, <a rel=\"noreferrer noopener\" href=\"https:\/\/twitter.com\/search?q=%23JeNeMeReconfineraiPas%20&amp;src=typed_query\" target=\"_blank\">le hashtag #JeNeMeReconfineraiPas <\/a>est apparu ce week-end, suivi d\u2019appels \u00e0 une journ\u00e9e de d\u00e9sob\u00e9issance civile le 1er&nbsp;f\u00e9vrier.<\/em><\/em><\/em><\/p><cite>L'Est R\u00e9publicain<\/cite><\/blockquote>\n\n\n\n<p><\/p>\n","protected":false},"excerpt":{"rendered":"<p>L'Europe et le monde se soul\u00e8ve contre la tyrannie, les britanniques veulent un GREAT REOPENING le 30 janvier, les fran\u00e7ais une d\u00e9sob\u00e9issance civile le 1er f\u00e9vrier.<\/p>\n","protected":false},"author":2,"featured_media":0,"comment_status":"open","ping_status":"open","sticky":false,"template":"","format":"standard","meta":{"footnotes":""},"categories":[2,77,6,10],"tags":[],"class_list":["post-905","post","type-post","status-publish","format-standard","hentry","category-actualite","category-covid19","category-democratie","category-manifestation"],"_links":{"self":[{"href":"https:\/\/crudelis.fr\/site\/covid1984\/wp-json\/wp\/v2\/posts\/905","targetHints":{"allow":["GET"]}}],"collection":[{"href":"https:\/\/crudelis.fr\/site\/covid1984\/wp-json\/wp\/v2\/posts"}],"about":[{"href":"https:\/\/crudelis.fr\/site\/covid1984\/wp-json\/wp\/v2\/types\/post"}],"author":[{"embeddable":true,"href":"https:\/\/crudelis.fr\/site\/covid1984\/wp-json\/wp\/v2\/users\/2"}],"replies":[{"embeddable":true,"href":"https:\/\/crudelis.fr\/site\/covid1984\/wp-json\/wp\/v2\/comments?post=905"}],"version-history":[{"count":1,"href":"https:\/\/crudelis.fr\/site\/covid1984\/wp-json\/wp\/v2\/posts\/905\/revisions"}],"predecessor-version":[{"id":2263,"href":"https:\/\/crudelis.fr\/site\/covid1984\/wp-json\/wp\/v2\/posts\/905\/revisions\/2263"}],"wp:attachment":[{"href":"https:\/\/crudelis.fr\/site\/covid1984\/wp-json\/wp\/v2\/media?parent=905"}],"wp:term":[{"taxonomy":"category","embeddable":true,"href":"https:\/\/crudelis.fr\/site\/covid1984\/wp-json\/wp\/v2\/categories?post=905"},{"taxonomy":"post_tag","embeddable":true,"href":"https:\/\/crudelis.fr\/site\/covid1984\/wp-json\/wp\/v2\/tags?post=905"}],"curies":[{"name":"wp","href":"https:\/\/api.w.org\/{rel}","templated":true}]}}