{"id":909,"date":"2021-01-27T12:33:17","date_gmt":"2021-01-27T12:33:17","guid":{"rendered":"https:\/\/covid1984.nohost.me\/blog\/?p=909"},"modified":"2022-09-09T08:55:49","modified_gmt":"2022-09-09T08:55:49","slug":"loms-admet-enfin-que-le-test-pcr-est-potentiellement-defectueux","status":"publish","type":"post","link":"https:\/\/crudelis.fr\/site\/covid1984\/2021\/01\/27\/loms-admet-enfin-que-le-test-pcr-est-potentiellement-defectueux\/","title":{"rendered":"L'OMS admet (enfin) que le test PCR est potentiellement d\u00e9fectueux"},"content":{"rendered":"\n<p>Apr\u00e8s que l'OMS ait admit que <a rel=\"noreferrer noopener\" href=\"https:\/\/crudelis.fr\/site\/covid1984\/2020\/12\/22\/loms-admet-enfin-que-les-tests-pcr-creent-des-faux-positifs\/\" data-type=\"URL\" data-id=\"https:\/\/crudelis.fr\/site\/covid1984\/2020\/12\/22\/loms-admet-enfin-que-les-tests-pcr-creent-des-faux-positifs\/\" target=\"_blank\">les tests n'\u00e9taient pas fiables<\/a>, ils admettent d\u00e9sormais que les tests PCR ne sont qu'une aide pour le diagnostique.<br>Ce qui signifie donc que le test PCR n'est pas suffisant pour d\u00e9clarer une personne malade.<\/p>\n\n\n\n<!--more-->\n\n\n\n<figure class=\"wp-block-table\"><table class=\"has-subtle-pale-pink-background-color has-background\"><tbody><tr><td><em>Pour les articles qui ne sont pas en fran\u00e7ais, vous pouvez utiliser <a rel=\"noreferrer noopener\" href=\"https:\/\/www.deepl.com\/translator\" target=\"_blank\">DeepL<\/a> pour traduire le texte en fran\u00e7ais.<\/em><\/td><\/tr><\/tbody><\/table><\/figure>\n\n\n\n<p><a rel=\"noreferrer noopener\" href=\"https:\/\/off-guardian.org\/2021\/01\/25\/who-finally-admits-pcr-is-not-a-diagnostic-test\/\" data-type=\"URL\" data-id=\"https:\/\/off-guardian.org\/2021\/01\/25\/who-finally-admits-pcr-is-not-a-diagnostic-test\/\" target=\"_blank\">OffGuardian - WHO (finally) admits PCR test is potentially flawed<\/a><br><em>Temps de lecture: 2-3 minutes.<\/em><\/p>\n\n\n\n<hr class=\"wp-block-separator has-css-opacity is-style-dots\"\/>\n\n\n\n<blockquote class=\"wp-block-quote is-layout-flow wp-block-quote-is-layout-flow\"><p><em>The World Health Organisation has released a memorandum which potentially completely undermines all the \u201cpandemic\u201d case numbers from all over the world.<\/em><br>---<br><em>L'Organisation mondiale de la sant\u00e9 a publi\u00e9 un m\u00e9morandum qui risque de r\u00e9duire \u00e0 n\u00e9ant tous la \"pand\u00e9mie\" de cas dans le monde entier.<\/em><\/p><cite>OffGuardian<\/cite><\/blockquote>\n\n\n\n<blockquote class=\"wp-block-quote is-layout-flow wp-block-quote-is-layout-flow\"><p><em><em>In careful bureaucratic language, they are essentially admitting that PCR tests were not meant to be used diagnostically, and cannot be relied upon to do so accurately.<\/em><\/em><br>---<br><em>Dans un langage bureaucratique prudent, ils admettent que les tests PCR n'\u00e9taient pas destin\u00e9s \u00e0 \u00eatre utilis\u00e9s \u00e0 des fins diagnostiques, et qu'on ne peut pas compter sur eux pour le faire avec pr\u00e9cision.<\/em><\/p><cite>OffGuardian<\/cite><\/blockquote>\n\n\n\n<blockquote class=\"wp-block-quote is-layout-flow wp-block-quote-is-layout-flow\"><p><em><em><em>Understand this. The PCR test is virtually the ENTIRE foundation of the Covid narrative. Without it you have nothing but healthy people and the normal winter flulike illnesses. Every \u2018case\u2019 you read about is only a case because of a PCR test.<\/em><\/em><\/em><br>---<br><em>Comprenez bien cela. Le test PCR est pratiquement la base ENTI\u00c8RE du r\u00e9cit Covid. Sans lui, vous n'avez rien d'autre que des gens en bonne sant\u00e9 et les maladies normales de la grippe hivernale. Chaque \"cas\" dont vous entendez parler n'est qu'un cas d\u00fb \u00e0 un test PCR.<\/em><\/p><cite>OffGuardian<\/cite><\/blockquote>\n\n\n\n<blockquote class=\"wp-block-quote is-layout-flow wp-block-quote-is-layout-flow\"><p><em><em><em>And if the PCR test is meaningless. So is the \u201cpandemic\u201d. A lie built in the deliberate misuse of a tool not fit for purpose.<\/em><\/em><\/em><br>---<br><em>Et si le test PCR n'a pas de sens. Il en va de m\u00eame pour la \"pand\u00e9mie\". Un mensonge construit par l'utilisation d\u00e9lib\u00e9r\u00e9e d'un outil qui n'est pas adapt\u00e9 \u00e0 cet objectif.<\/em><\/p><cite>OffGuardian<\/cite><\/blockquote>\n\n\n\n<hr class=\"wp-block-separator has-css-opacity is-style-dots\"\/>\n\n\n\n<p>La notice d'information de l'OMS est disponible ici:<\/p>\n\n\n\n<p><a rel=\"noreferrer noopener\" href=\"https:\/\/www.who.int\/news\/item\/20-01-2021-who-information-notice-for-ivd-users-2020-05\" data-type=\"URL\" data-id=\"https:\/\/www.who.int\/news\/item\/20-01-2021-who-information-notice-for-ivd-users-2020-05\" target=\"_blank\">OMS \u2013 Nucleic acid testing (NAT) technologies that use polymerase chain reaction (PCR) for detection of SARS-CoV-2<\/a><br><em>Temps de lecture: 3-4 minutes.<\/em> (<a href=\"https:\/\/crudelis.fr\/site\/covid1984\/wp-content\/uploads\/sites\/8\/2022\/09\/WHO-Information-Notice-for-Users-2020_05.pdf\" data-type=\"URL\" data-id=\"https:\/\/crudelis.fr\/site\/covid1984\/wp-content\/uploads\/sites\/8\/2022\/09\/WHO-Information-Notice-for-Users-2020_05.pdf\">T\u00e9l\u00e9charger l'article original en pdf<\/a>)<\/p>\n\n\n\n<blockquote class=\"wp-block-quote is-layout-flow wp-block-quote-is-layout-flow\"><p><em><em><em>Most PCR assays are indicated as an aid for diagnosis, therefore, health care providers must consider any result in combination with timing of sampling, specimen type, assay specifics, clinical observations, patient history, confirmed status of any contacts, and epidemiological information.<\/em><\/em><\/em><br>---<br><em>La plupart des tests PCR sont indiqu\u00e9s comme une aide au diagnostic, par cons\u00e9quent, les prestataires de soins de sant\u00e9 doivent prendre en compte tout r\u00e9sultat en combinaison avec le moment du pr\u00e9l\u00e8vement, le type d'\u00e9chantillon, les sp\u00e9cificit\u00e9s du test, les observations cliniques, les ant\u00e9c\u00e9dents du patient, le statut confirm\u00e9 de tout contact et les informations \u00e9pid\u00e9miologiques.<\/em><\/p><cite>OMS<\/cite><\/blockquote>\n\n\n\n<p><\/p>\n","protected":false},"excerpt":{"rendered":"<p>Apr\u00e8s que l'OMS ait admit que les tests n'\u00e9taient pas fiables, ils admettent d\u00e9sormais que les tests PCR ne sont qu'une aide pour le diagnostique.Ce qui signifie donc que le test PCR n'est pas suffisant pour d\u00e9clarer une personne malade.<\/p>\n","protected":false},"author":2,"featured_media":0,"comment_status":"open","ping_status":"open","sticky":false,"template":"","format":"standard","meta":{"footnotes":""},"categories":[2,77,18],"tags":[30],"class_list":["post-909","post","type-post","status-publish","format-standard","hentry","category-actualite","category-covid19","category-pcr","tag-pcr"],"_links":{"self":[{"href":"https:\/\/crudelis.fr\/site\/covid1984\/wp-json\/wp\/v2\/posts\/909","targetHints":{"allow":["GET"]}}],"collection":[{"href":"https:\/\/crudelis.fr\/site\/covid1984\/wp-json\/wp\/v2\/posts"}],"about":[{"href":"https:\/\/crudelis.fr\/site\/covid1984\/wp-json\/wp\/v2\/types\/post"}],"author":[{"embeddable":true,"href":"https:\/\/crudelis.fr\/site\/covid1984\/wp-json\/wp\/v2\/users\/2"}],"replies":[{"embeddable":true,"href":"https:\/\/crudelis.fr\/site\/covid1984\/wp-json\/wp\/v2\/comments?post=909"}],"version-history":[{"count":2,"href":"https:\/\/crudelis.fr\/site\/covid1984\/wp-json\/wp\/v2\/posts\/909\/revisions"}],"predecessor-version":[{"id":2513,"href":"https:\/\/crudelis.fr\/site\/covid1984\/wp-json\/wp\/v2\/posts\/909\/revisions\/2513"}],"wp:attachment":[{"href":"https:\/\/crudelis.fr\/site\/covid1984\/wp-json\/wp\/v2\/media?parent=909"}],"wp:term":[{"taxonomy":"category","embeddable":true,"href":"https:\/\/crudelis.fr\/site\/covid1984\/wp-json\/wp\/v2\/categories?post=909"},{"taxonomy":"post_tag","embeddable":true,"href":"https:\/\/crudelis.fr\/site\/covid1984\/wp-json\/wp\/v2\/tags?post=909"}],"curies":[{"name":"wp","href":"https:\/\/api.w.org\/{rel}","templated":true}]}}