{"id":921,"date":"2021-01-30T12:35:35","date_gmt":"2021-01-30T12:35:35","guid":{"rendered":"https:\/\/covid1984.nohost.me\/blog\/?p=921"},"modified":"2022-08-20T11:08:09","modified_gmt":"2022-08-20T11:08:09","slug":"meme-surmortalite-en-2020-quen-2015-selon-les-derniers-chiffres-de-linsee-73-lesperance-de-vie-2020-est-plus-elevee-que-2015","status":"publish","type":"post","link":"https:\/\/crudelis.fr\/site\/covid1984\/2021\/01\/30\/meme-surmortalite-en-2020-quen-2015-selon-les-derniers-chiffres-de-linsee-73-lesperance-de-vie-2020-est-plus-elevee-que-2015\/","title":{"rendered":"M\u00eame surmortalit\u00e9 en 2020 qu\u2019en 2015 selon les derniers chiffres de l\u2019INSEE : +7,3 %. L\u2019esp\u00e9rance de vie 2020 est plus \u00e9lev\u00e9e que 2015"},"content":{"rendered":"\n<p>L'h\u00e9catombe annonc\u00e9e de 2020 n'aura donc pas eu lieu...<\/p>\n\n\n\n<!--more-->\n\n\n\n<p><a href=\"https:\/\/planetes360.fr\/meme-surmortalite-en-2020-quen-2015-selon-les-derniers-chiffres-de-linsee-73-lesperance-de-vie-2020-est-plus-elevee-que-2015\/\" data-type=\"URL\" data-id=\"https:\/\/planetes360.fr\/meme-surmortalite-en-2020-quen-2015-selon-les-derniers-chiffres-de-linsee-73-lesperance-de-vie-2020-est-plus-elevee-que-2015\/\" target=\"_blank\" rel=\"noreferrer noopener\">Planet360 - M\u00eame surmortalit\u00e9 en 2020 qu'en 2015 selon les derniers chiffres de l'INSEE : +7,3 %. L'esp\u00e9rance de vie 2020 est plus \u00e9lev\u00e9e que 2015.<\/a><br><em>Temps de lecture: 3 minutes.<\/em><\/p>\n\n\n\n<hr class=\"wp-block-separator is-style-dots\" \/>\n\n\n\n<blockquote class=\"wp-block-quote is-layout-flow wp-block-quote-is-layout-flow\"><p><em>Selon les derniers chiffres de l\u2019INSEE, 2020 et 2015 ont \u00e9t\u00e9 parfaitement \u00e9quivalentes en termes de surmortalit\u00e9 \u00e0 +7,3%. Si l\u2019esp\u00e9rance de vie a connu un recul sur ces deux ann\u00e9es, elle reste plus \u00e9lev\u00e9e en 2020 qu\u2019en 2015.<\/em><\/p><cite>Covidinfo.net<\/cite><\/blockquote>\n\n\n\n<blockquote class=\"wp-block-quote is-layout-flow wp-block-quote-is-layout-flow\"><p><em><em>En 2020, 658 000 personnes sont d\u00e9c\u00e9d\u00e9es en France, soit 7,3 % de plus qu\u2019en 2019.<\/em><\/em><\/p><cite>Covidinfo.net<\/cite><\/blockquote>\n","protected":false},"excerpt":{"rendered":"<p>L'h\u00e9catombe annonc\u00e9e de 2020 n'aura donc pas eu lieu...<\/p>\n","protected":false},"author":2,"featured_media":0,"comment_status":"open","ping_status":"open","sticky":false,"template":"","format":"standard","meta":{"footnotes":""},"categories":[77,12,17],"tags":[28],"class_list":["post-921","post","type-post","status-publish","format-standard","hentry","category-covid19","category-mortalite","category-ressources","tag-relativiser"],"_links":{"self":[{"href":"https:\/\/crudelis.fr\/site\/covid1984\/wp-json\/wp\/v2\/posts\/921","targetHints":{"allow":["GET"]}}],"collection":[{"href":"https:\/\/crudelis.fr\/site\/covid1984\/wp-json\/wp\/v2\/posts"}],"about":[{"href":"https:\/\/crudelis.fr\/site\/covid1984\/wp-json\/wp\/v2\/types\/post"}],"author":[{"embeddable":true,"href":"https:\/\/crudelis.fr\/site\/covid1984\/wp-json\/wp\/v2\/users\/2"}],"replies":[{"embeddable":true,"href":"https:\/\/crudelis.fr\/site\/covid1984\/wp-json\/wp\/v2\/comments?post=921"}],"version-history":[{"count":1,"href":"https:\/\/crudelis.fr\/site\/covid1984\/wp-json\/wp\/v2\/posts\/921\/revisions"}],"predecessor-version":[{"id":2258,"href":"https:\/\/crudelis.fr\/site\/covid1984\/wp-json\/wp\/v2\/posts\/921\/revisions\/2258"}],"wp:attachment":[{"href":"https:\/\/crudelis.fr\/site\/covid1984\/wp-json\/wp\/v2\/media?parent=921"}],"wp:term":[{"taxonomy":"category","embeddable":true,"href":"https:\/\/crudelis.fr\/site\/covid1984\/wp-json\/wp\/v2\/categories?post=921"},{"taxonomy":"post_tag","embeddable":true,"href":"https:\/\/crudelis.fr\/site\/covid1984\/wp-json\/wp\/v2\/tags?post=921"}],"curies":[{"name":"wp","href":"https:\/\/api.w.org\/{rel}","templated":true}]}}