{"id":929,"date":"2021-02-02T14:01:03","date_gmt":"2021-02-02T14:01:03","guid":{"rendered":"https:\/\/covid1984.nohost.me\/blog\/?p=929"},"modified":"2022-08-20T11:08:09","modified_gmt":"2022-08-20T11:08:09","slug":"lappel-a-laide-de-la-jeune-generation","status":"publish","type":"post","link":"https:\/\/crudelis.fr\/site\/covid1984\/2021\/02\/02\/lappel-a-laide-de-la-jeune-generation\/","title":{"rendered":"L'appel \u00e0 l'aide de la jeune g\u00e9n\u00e9ration"},"content":{"rendered":"\n<p>Sous pr\u00e9texte d'une pand\u00e9mie de tests PCR, reconnus comme non fiables par l'OMS, toute une g\u00e9n\u00e9ration est d\u00e9truite et pouss\u00e9e au suicide.<br>Comment peut-on sacrifier ainsi l'avenir de l'humanit\u00e9 pour se mettre de l'argent dans les poches !?<\/p>\n\n\n\n<!--more-->\n\n\n\n<p><a rel=\"noreferrer noopener\" href=\"https:\/\/www.youtube.com\/watch?v=9XzBeUUATbE\" data-type=\"URL\" data-id=\"https:\/\/www.youtube.com\/watch?v=9XzBeUUATbE\" target=\"_blank\">Youtube - L'appel \u00e0 l'aide de notre g\u00e9n\u00e9ration.<\/a><br><em>3 minutes.<\/em><\/p>\n\n\n\n<hr class=\"wp-block-separator is-style-dots\" \/>\n\n\n\n<blockquote class=\"wp-block-quote is-layout-flow wp-block-quote-is-layout-flow\"><p><em>J'ai l'impression que \u00e7a sert \u00e0 rien, que tout \u00e7a, \u00e7a va jamais se terminer.<\/em><\/p><cite>Alexis, 18 ans<\/cite><\/blockquote>\n\n\n\n<blockquote class=\"wp-block-quote is-layout-flow wp-block-quote-is-layout-flow\"><p><em><em>J'ai eu pour la premi\u00e8re fois des pens\u00e9es suicidaires.<\/em><\/em><\/p><cite>Gr\u00e2ce, 20 ans<\/cite><\/blockquote>\n\n\n\n<blockquote class=\"wp-block-quote is-layout-flow wp-block-quote-is-layout-flow\"><p><em><em><em>Plus l'espoir de m'en sortir, plus d'espoir de me dire qu'un jour ce sera fini.<\/em><\/em><\/em><\/p><cite>Alexis, 18 ans<\/cite><\/blockquote>\n\n\n\n<blockquote class=\"wp-block-quote is-layout-flow wp-block-quote-is-layout-flow\"><p><em><em><em>Je suis tomb\u00e9 dans l'alcool, je suis entr\u00e9 dans les m\u00e9dicaments, et les anxiolytiques.<\/em><\/em><\/em><\/p><cite>Maxime, 17 ans<\/cite><\/blockquote>\n\n\n\n<blockquote class=\"wp-block-quote is-layout-flow wp-block-quote-is-layout-flow\"><p><em><em><em>J'ai v\u00e9cu les deux confinements seule, et s'il y en a un troisi\u00e8me je vais le vivre seul, et pour ma sant\u00e9 mentale en fait, je pense que ce sera la ligne de non retour.<\/em><\/em><\/em><\/p><cite>Myl\u00e8ne, 22 ans<\/cite><\/blockquote>\n\n\n\n<hr class=\"wp-block-separator\" \/>\n\n\n\n<p>De jeunes enferm\u00e9s dans leur chambre \u00e9tudiante.<br>Interdit de cours en pr\u00e9sentiel.<br>Sans travail pour survivre, oblig\u00e9s de faire la queue pour obtenir de la nourriture gratuite pour survivre jusqu'au lendemain.<\/p>\n\n\n\n<p>Ces m\u00eames jeunes, l'avenir de notre soci\u00e9t\u00e9, sacrifi\u00e9s sur l'autel du covid, ne meurent pas du covid.<br>Ils ne sont que tr\u00e8s rarement atteint par la maladie.<br>Ils ne vont pas \u00e0 l\u2019h\u00f4pital pour des formes graves.<\/p>\n\n\n\n<p>Dans quelle soci\u00e9t\u00e9 vivons-nous ?<br>Une soci\u00e9t\u00e9 qui accepte de sacrifier sa jeunesse pour enrichir des laboratoires qui font d\u00e9j\u00e0 des milliards de b\u00e9n\u00e9fices ?<\/p>\n\n\n\n<p>Il est plus que temps de mettre un terme \u00e0 cette folie, reprendre une vie normale, soigner les malades et juger les coupables de ces crimes contre l'humanit\u00e9.<\/p>\n","protected":false},"excerpt":{"rendered":"<p>Sous pr\u00e9texte d'une pand\u00e9mie de tests PCR, reconnus comme non fiables par l'OMS, toute une g\u00e9n\u00e9ration est d\u00e9truite et pouss\u00e9e au suicide.Comment peut-on sacrifier ainsi l'avenir de l'humanit\u00e9 pour se mettre de l'argent dans les poches !?<\/p>\n","protected":false},"author":2,"featured_media":0,"comment_status":"open","ping_status":"open","sticky":false,"template":"","format":"standard","meta":{"footnotes":""},"categories":[3,77,17],"tags":[28],"class_list":["post-929","post","type-post","status-publish","format-standard","hentry","category-alerte","category-covid19","category-ressources","tag-relativiser"],"_links":{"self":[{"href":"https:\/\/crudelis.fr\/site\/covid1984\/wp-json\/wp\/v2\/posts\/929","targetHints":{"allow":["GET"]}}],"collection":[{"href":"https:\/\/crudelis.fr\/site\/covid1984\/wp-json\/wp\/v2\/posts"}],"about":[{"href":"https:\/\/crudelis.fr\/site\/covid1984\/wp-json\/wp\/v2\/types\/post"}],"author":[{"embeddable":true,"href":"https:\/\/crudelis.fr\/site\/covid1984\/wp-json\/wp\/v2\/users\/2"}],"replies":[{"embeddable":true,"href":"https:\/\/crudelis.fr\/site\/covid1984\/wp-json\/wp\/v2\/comments?post=929"}],"version-history":[{"count":1,"href":"https:\/\/crudelis.fr\/site\/covid1984\/wp-json\/wp\/v2\/posts\/929\/revisions"}],"predecessor-version":[{"id":2256,"href":"https:\/\/crudelis.fr\/site\/covid1984\/wp-json\/wp\/v2\/posts\/929\/revisions\/2256"}],"wp:attachment":[{"href":"https:\/\/crudelis.fr\/site\/covid1984\/wp-json\/wp\/v2\/media?parent=929"}],"wp:term":[{"taxonomy":"category","embeddable":true,"href":"https:\/\/crudelis.fr\/site\/covid1984\/wp-json\/wp\/v2\/categories?post=929"},{"taxonomy":"post_tag","embeddable":true,"href":"https:\/\/crudelis.fr\/site\/covid1984\/wp-json\/wp\/v2\/tags?post=929"}],"curies":[{"name":"wp","href":"https:\/\/api.w.org\/{rel}","templated":true}]}}