{"id":940,"date":"2021-02-05T11:59:33","date_gmt":"2021-02-05T11:59:33","guid":{"rendered":"https:\/\/covid1984.nohost.me\/blog\/?p=940"},"modified":"2022-08-20T11:08:08","modified_gmt":"2022-08-20T11:08:08","slug":"effets-secondaires-de-la-vaccination-en-europe-750-deces-27000-effets-secondaires-mais-des-chiffres-invraisemblables-pour-les-plus-ages","status":"publish","type":"post","link":"https:\/\/crudelis.fr\/site\/covid1984\/2021\/02\/05\/effets-secondaires-de-la-vaccination-en-europe-750-deces-27000-effets-secondaires-mais-des-chiffres-invraisemblables-pour-les-plus-ages\/","title":{"rendered":"EFFETS SECONDAIRES DE LA VACCINATION en Europe \/ 750 d\u00e9c\u00e8s, 27000 effets secondaires mais des chiffres invraisemblables pour les plus \u00e2g\u00e9s."},"content":{"rendered":"\n<p>Les jours passent et les d\u00e9c\u00e8s li\u00e9s au vaccin n'ont de cesse d'augmenter, comme en atteste la <a rel=\"noreferrer noopener\" href=\"https:\/\/crudelis.fr\/site\/covid1984\/2021\/01\/22\/282-deces-et-3-868-effets-secondaires-graves-en-europe-apres-vaccination-contre-le-covid\/\" target=\"_blank\">base de donn\u00e9e Europ\u00e9enne EudraVigilance<\/a>.<br>Mais il semble \u00e9galement de plus en plus \u00e9vident que seul une infime partie des effets secondaires et des d\u00e9c\u00e8s sont recens\u00e9s.<\/p>\n\n\n\n<!--more-->\n\n\n\n<p><a rel=\"noreferrer noopener\" href=\"https:\/\/pgibertie.com\/2021\/02\/04\/effets-secondaires-de-la-vaccination-en-europe-750-deces-27000-effets-secondaires-mais-des-chiffres-invraisemblables-pour-les-plus-ages\/\" target=\"_blank\">Le blog de Patrice Gibertie - EFFETS SECONDAIRES DE LA VACCINATION en Europe \/ 750 d\u00e9c\u00e8s, 27000 effets secondaires mais des chiffres invraisemblables pour les plus&nbsp;\u00e2g\u00e9s.<\/a><br><em>Temps de lecture: 3-4 minutes.<\/em><\/p>\n\n\n\n<hr class=\"wp-block-separator has-css-opacity is-style-dots\"\/>\n\n\n\n<blockquote class=\"wp-block-quote is-layout-flow wp-block-quote-is-layout-flow\"><p><em>Plus de la moiti\u00e9 des effets secondaires rapport\u00e9s par le syst\u00e8me europ\u00e9en de pharmaco vigilance pour janvier , concernerait des femmes de 18 \u00e0 64 ans\u2026 Nous savons tous que les personnes \u00e2g\u00e9es de plus de 75 ans en Ehpad ont \u00e9t\u00e9 vaccin\u00e9es prioritairement. Les vieux des Ehpads seraient ils plus r\u00e9sistants que les femmes travaillant dans le syst\u00e8me de sant\u00e9 ?<\/em><\/p><cite>Patrice Gibertie<\/cite><\/blockquote>\n\n\n\n<p><\/p>\n","protected":false},"excerpt":{"rendered":"<p>Les jours passent et les d\u00e9c\u00e8s li\u00e9s au vaccin n'ont de cesse d'augmenter, comme en atteste la base de donn\u00e9e Europ\u00e9enne EudraVigilance.Mais il semble \u00e9galement de plus en plus \u00e9vident que seul une infime partie des effets secondaires et des d\u00e9c\u00e8s sont recens\u00e9s.<\/p>\n","protected":false},"author":2,"featured_media":0,"comment_status":"open","ping_status":"open","sticky":false,"template":"","format":"standard","meta":{"footnotes":""},"categories":[2,77,20,12,19],"tags":[31],"class_list":["post-940","post","type-post","status-publish","format-standard","hentry","category-actualite","category-covid19","category-danger-vaccin","category-mortalite","category-vaccin","tag-vaccin"],"_links":{"self":[{"href":"https:\/\/crudelis.fr\/site\/covid1984\/wp-json\/wp\/v2\/posts\/940","targetHints":{"allow":["GET"]}}],"collection":[{"href":"https:\/\/crudelis.fr\/site\/covid1984\/wp-json\/wp\/v2\/posts"}],"about":[{"href":"https:\/\/crudelis.fr\/site\/covid1984\/wp-json\/wp\/v2\/types\/post"}],"author":[{"embeddable":true,"href":"https:\/\/crudelis.fr\/site\/covid1984\/wp-json\/wp\/v2\/users\/2"}],"replies":[{"embeddable":true,"href":"https:\/\/crudelis.fr\/site\/covid1984\/wp-json\/wp\/v2\/comments?post=940"}],"version-history":[{"count":1,"href":"https:\/\/crudelis.fr\/site\/covid1984\/wp-json\/wp\/v2\/posts\/940\/revisions"}],"predecessor-version":[{"id":2045,"href":"https:\/\/crudelis.fr\/site\/covid1984\/wp-json\/wp\/v2\/posts\/940\/revisions\/2045"}],"wp:attachment":[{"href":"https:\/\/crudelis.fr\/site\/covid1984\/wp-json\/wp\/v2\/media?parent=940"}],"wp:term":[{"taxonomy":"category","embeddable":true,"href":"https:\/\/crudelis.fr\/site\/covid1984\/wp-json\/wp\/v2\/categories?post=940"},{"taxonomy":"post_tag","embeddable":true,"href":"https:\/\/crudelis.fr\/site\/covid1984\/wp-json\/wp\/v2\/tags?post=940"}],"curies":[{"name":"wp","href":"https:\/\/api.w.org\/{rel}","templated":true}]}}