{"id":942,"date":"2021-02-05T12:06:35","date_gmt":"2021-02-05T12:06:35","guid":{"rendered":"https:\/\/covid1984.nohost.me\/blog\/?p=942"},"modified":"2022-08-20T11:08:08","modified_gmt":"2022-08-20T11:08:08","slug":"flambee-de-clusters-dans-les-ehpad-deux-a-trois-semaines-apres-la-vaccination","status":"publish","type":"post","link":"https:\/\/crudelis.fr\/site\/covid1984\/2021\/02\/05\/flambee-de-clusters-dans-les-ehpad-deux-a-trois-semaines-apres-la-vaccination\/","title":{"rendered":"Flamb\u00e9e de clusters dans les Ehpad deux \u00e0 trois semaines apr\u00e8s la vaccination\u2026"},"content":{"rendered":"\n<p>Le ph\u00e9nom\u00e8ne Anglais et Isra\u00e9lien se produit de mani\u00e8re similaire en France, sans grande surprise. Le vaccin provoque beaucoup plus de d\u00e9g\u00e2ts qu'il ne r\u00e8gle de probl\u00e8mes.<br>Sans surprise non plus, l'information est dissimul\u00e9e.<\/p>\n\n\n\n<p><a rel=\"noreferrer noopener\" href=\"https:\/\/pgibertie.com\/2021\/02\/01\/flambee-de-clusters-dans-les-ehpad-deux-a-trois-semaines-apres-la-vaccination\/\" target=\"_blank\">Le blog de Patrice Gibertie - Flamb\u00e9e de clusters dans les Ehpad deux \u00e0 trois semaines apr\u00e8s la vaccination\u2026<\/a><br><em>Temps de lecture: 2 minutes.<\/em><\/p>\n\n\n\n<hr class=\"wp-block-separator is-style-dots\" \/>\n\n\n\n<blockquote class=\"wp-block-quote is-layout-flow wp-block-quote-is-layout-flow\"><p><em>Les Ehpads sont les victimes d\u00e9sign\u00e9es de la covid. L\u2019espoir dans la vaccination est r\u00e9guli\u00e8rement rappel\u00e9 mais comment expliquer ces clusters qui se d\u00e9veloppent deux ou trois semaines apr\u00e8s.<\/em><\/p><cite>Patrice Gibertie<\/cite><\/blockquote>\n\n\n\n<p><\/p>\n","protected":false},"excerpt":{"rendered":"<p>Le ph\u00e9nom\u00e8ne Anglais et Isra\u00e9lien se produit de mani\u00e8re similaire en France, sans grande surprise. Le vaccin provoque beaucoup plus de d\u00e9g\u00e2ts qu'il ne r\u00e8gle de probl\u00e8mes.Sans surprise non plus, l'information est dissimul\u00e9e. Le blog de Patrice Gibertie - Flamb\u00e9e de clusters dans les Ehpad deux \u00e0 trois semaines apr\u00e8s la vaccination\u2026Temps de lecture: 2 minutes. Les Ehpads sont les victimes d\u00e9sign\u00e9es de la covid. L\u2019espoir dans la vaccination est r\u00e9guli\u00e8rement rappel\u00e9 mais comment expliquer ces clusters qui se d\u00e9veloppent deux ou trois semaines apr\u00e8s. Patrice Gibertie<\/p>\n","protected":false},"author":2,"featured_media":0,"comment_status":"open","ping_status":"open","sticky":false,"template":"","format":"standard","meta":{"footnotes":""},"categories":[2,77,20,19],"tags":[28,31],"class_list":["post-942","post","type-post","status-publish","format-standard","hentry","category-actualite","category-covid19","category-danger-vaccin","category-vaccin","tag-relativiser","tag-vaccin"],"_links":{"self":[{"href":"https:\/\/crudelis.fr\/site\/covid1984\/wp-json\/wp\/v2\/posts\/942","targetHints":{"allow":["GET"]}}],"collection":[{"href":"https:\/\/crudelis.fr\/site\/covid1984\/wp-json\/wp\/v2\/posts"}],"about":[{"href":"https:\/\/crudelis.fr\/site\/covid1984\/wp-json\/wp\/v2\/types\/post"}],"author":[{"embeddable":true,"href":"https:\/\/crudelis.fr\/site\/covid1984\/wp-json\/wp\/v2\/users\/2"}],"replies":[{"embeddable":true,"href":"https:\/\/crudelis.fr\/site\/covid1984\/wp-json\/wp\/v2\/comments?post=942"}],"version-history":[{"count":1,"href":"https:\/\/crudelis.fr\/site\/covid1984\/wp-json\/wp\/v2\/posts\/942\/revisions"}],"predecessor-version":[{"id":2254,"href":"https:\/\/crudelis.fr\/site\/covid1984\/wp-json\/wp\/v2\/posts\/942\/revisions\/2254"}],"wp:attachment":[{"href":"https:\/\/crudelis.fr\/site\/covid1984\/wp-json\/wp\/v2\/media?parent=942"}],"wp:term":[{"taxonomy":"category","embeddable":true,"href":"https:\/\/crudelis.fr\/site\/covid1984\/wp-json\/wp\/v2\/categories?post=942"},{"taxonomy":"post_tag","embeddable":true,"href":"https:\/\/crudelis.fr\/site\/covid1984\/wp-json\/wp\/v2\/tags?post=942"}],"curies":[{"name":"wp","href":"https:\/\/api.w.org\/{rel}","templated":true}]}}