{"id":944,"date":"2021-02-05T12:25:20","date_gmt":"2021-02-05T12:25:20","guid":{"rendered":"https:\/\/covid1984.nohost.me\/blog\/?p=944"},"modified":"2022-08-20T11:07:45","modified_gmt":"2022-08-20T11:07:45","slug":"covid-19-le-danemark-va-lancer-son-passeport-vaccinal","status":"publish","type":"post","link":"https:\/\/crudelis.fr\/site\/covid1984\/2021\/02\/05\/covid-19-le-danemark-va-lancer-son-passeport-vaccinal\/","title":{"rendered":"Covid-19 : le Danemark va lancer son passeport vaccinal"},"content":{"rendered":"\n<p>Et ce n'est que le d\u00e9but !<br>Cr\u00e9ez un probl\u00e8me, cr\u00e9ez une r\u00e9action, cr\u00e9ez une solution: La recette continue de s'appliquer pour imposer une surveillance de masse et un contr\u00f4le total de l'humanit\u00e9.<br>1984 n'est plus un roman, c'est devenu un manuel !<\/p>\n\n\n\n<!--more-->\n\n\n\n<p><a rel=\"noreferrer noopener\" href=\"https:\/\/fr.euronews.com\/2021\/02\/04\/covid-19-le-danemark-va-lancer-son-passeport-vaccinal\" data-type=\"URL\" data-id=\"https:\/\/fr.euronews.com\/2021\/02\/04\/covid-19-le-danemark-va-lancer-son-passeport-vaccinal\" target=\"_blank\">Euronews - Covid-19 : le Danemark va lancer son passeport vaccinal<\/a><br><em>Temps de lecture: 2 minutes.<\/em><\/p>\n\n\n\n<hr class=\"wp-block-separator has-css-opacity is-style-dots\"\/>\n\n\n\n<blockquote class=\"wp-block-quote is-layout-flow wp-block-quote-is-layout-flow\"><p><em>Via son smartphone et une application gouvernementale, les Danois vaccin\u00e9s pourront faire \u00e9tat de leur statut et retrouver un peu de libert\u00e9.<\/em><\/p><cite>Euronews<\/cite><\/blockquote>\n\n\n\n<blockquote class=\"wp-block-quote is-layout-flow wp-block-quote-is-layout-flow\"><p><em><em>Concr\u00e8tement, ce passeport vaccinal devrait par exemple permettre \u00e0 son possesseur de revenir au Danemark, depuis l'\u00e9tranger, sans quarantaine, de r\u00e9server dans des restaurants, des h\u00f4tels...<\/em><\/em><\/p><cite>Euronews<\/cite><\/blockquote>\n\n\n\n<hr class=\"wp-block-separator has-css-opacity\"\/>\n\n\n\n<p>Il ne faut pas s'y tromper, tout les pays ont d\u00e9j\u00e0 commenc\u00e9 \u00e0 mettre en place cette solution. Et malgr\u00e9 ce que pr\u00e9tend l'article et le refus de Macron, la France ne fait pas exception et <a rel=\"noreferrer noopener\" href=\"https:\/\/crudelis.fr\/site\/covid1984\/2020\/12\/22\/etat-durgence-permanent-et-vaccin-obligatoire\/\" data-type=\"URL\" data-id=\"https:\/\/crudelis.fr\/site\/covid1984\/2020\/12\/22\/etat-durgence-permanent-et-vaccin-obligatoire\/\" target=\"_blank\">avait tent\u00e9 en d\u00e9cembre de l'imposer<\/a> !<\/p>\n\n\n\n<p>Ce n'est que le risque d'insurrection qui a fait reculer le gouvernement. Mais le projet de loi a \u00e9t\u00e9 repouss\u00e9, pas annul\u00e9 !<br>C'est juste le temps de continuer \u00e0 terroriser la population jusqu'au point o\u00f9 elle finira pas l'accepter.<\/p>\n\n\n\n<p>Pendant ce temps, le gouvernement continue \u00e0 essayer de <a rel=\"noreferrer noopener\" href=\"https:\/\/crudelis.fr\/site\/covid1984\/2021\/01\/20\/le-gouvernement-va-rendre-obligatoire-les-qr-codes-dans-les-lieux-accueillants-du-public\/\" target=\"_blank\">nous habituer \u00e0 la surveillance g\u00e9n\u00e9ralis\u00e9e et permanente<\/a>.<\/p>\n\n\n\n<p>Ne croyez pas que tout cela n'est que pur hasard, si tous les pays trouvent soudainement un accord similaire c'est bien parce que d'autres acteurs mondiaux sont aux commandes.<br>Derri\u00e8re le passeport vaccinal on retrouve encore et toujours <a rel=\"noreferrer noopener\" href=\"https:\/\/crudelis.fr\/site\/covid1984\/2020\/11\/05\/un-certificat-de-vaccination-contre-le-covid-pour-etre-autorise-a-voyager\/\" data-type=\"URL\" data-id=\"https:\/\/crudelis.fr\/site\/covid1984\/2020\/11\/05\/un-certificat-de-vaccination-contre-le-covid-pour-etre-autorise-a-voyager\/\" target=\"_blank\">le Forum \u00e9conomique mondial et son projet de Great Reset<\/a>.<\/p>\n","protected":false},"excerpt":{"rendered":"<p>Et ce n'est que le d\u00e9but !Cr\u00e9ez un probl\u00e8me, cr\u00e9ez une r\u00e9action, cr\u00e9ez une solution: La recette continue de s'appliquer pour imposer une surveillance de masse et un contr\u00f4le total de l'humanit\u00e9.1984 n'est plus un roman, c'est devenu un manuel !<\/p>\n","protected":false},"author":2,"featured_media":0,"comment_status":"open","ping_status":"open","sticky":false,"template":"","format":"standard","meta":{"footnotes":""},"categories":[2,77,6,19],"tags":[22,31],"class_list":["post-944","post","type-post","status-publish","format-standard","hentry","category-actualite","category-covid19","category-democratie","category-vaccin","tag-great-reset","tag-vaccin"],"_links":{"self":[{"href":"https:\/\/crudelis.fr\/site\/covid1984\/wp-json\/wp\/v2\/posts\/944","targetHints":{"allow":["GET"]}}],"collection":[{"href":"https:\/\/crudelis.fr\/site\/covid1984\/wp-json\/wp\/v2\/posts"}],"about":[{"href":"https:\/\/crudelis.fr\/site\/covid1984\/wp-json\/wp\/v2\/types\/post"}],"author":[{"embeddable":true,"href":"https:\/\/crudelis.fr\/site\/covid1984\/wp-json\/wp\/v2\/users\/2"}],"replies":[{"embeddable":true,"href":"https:\/\/crudelis.fr\/site\/covid1984\/wp-json\/wp\/v2\/comments?post=944"}],"version-history":[{"count":1,"href":"https:\/\/crudelis.fr\/site\/covid1984\/wp-json\/wp\/v2\/posts\/944\/revisions"}],"predecessor-version":[{"id":2044,"href":"https:\/\/crudelis.fr\/site\/covid1984\/wp-json\/wp\/v2\/posts\/944\/revisions\/2044"}],"wp:attachment":[{"href":"https:\/\/crudelis.fr\/site\/covid1984\/wp-json\/wp\/v2\/media?parent=944"}],"wp:term":[{"taxonomy":"category","embeddable":true,"href":"https:\/\/crudelis.fr\/site\/covid1984\/wp-json\/wp\/v2\/categories?post=944"},{"taxonomy":"post_tag","embeddable":true,"href":"https:\/\/crudelis.fr\/site\/covid1984\/wp-json\/wp\/v2\/tags?post=944"}],"curies":[{"name":"wp","href":"https:\/\/api.w.org\/{rel}","templated":true}]}}