{"id":946,"date":"2021-02-05T12:36:02","date_gmt":"2021-02-05T12:36:02","guid":{"rendered":"https:\/\/covid1984.nohost.me\/blog\/?p=946"},"modified":"2022-08-20T11:07:44","modified_gmt":"2022-08-20T11:07:44","slug":"la-doyenne-vaccinee-et-en-bonne-sante-la-doyenne-nous-a-quittes","status":"publish","type":"post","link":"https:\/\/crudelis.fr\/site\/covid1984\/2021\/02\/05\/la-doyenne-vaccinee-et-en-bonne-sante-la-doyenne-nous-a-quittes\/","title":{"rendered":"La doyenne vaccin\u00e9e et en bonne sant\u00e9 \/ La doyenne nous a quitt\u00e9s"},"content":{"rendered":"\n<p>30 janvier 2021, 110 ans, vaccin\u00e9e et en bonne sant\u00e9.<br>1er f\u00e9vrier 2021, d\u00e9c\u00e9d\u00e9e \u00e0 110 ans.<br>Aucun lien avec la vaccination 2 jours avant ! La question ne se pose m\u00eame pas !<\/p>\n\n\n\n<!--more-->\n\n\n\n<p><a href=\"https:\/\/www.lejsl.com\/sante\/2021\/01\/30\/la-doyenne-du-departement-vaccinee-et-en-bonne-sante\" data-type=\"URL\" data-id=\"https:\/\/www.lejsl.com\/sante\/2021\/01\/30\/la-doyenne-du-departement-vaccinee-et-en-bonne-sante\" target=\"_blank\" rel=\"noreferrer noopener\">Le journal de Sa\u00f4ne-et-Loire - La doyenne du d\u00e9partement vaccin\u00e9e et en bonne sant\u00e9<\/a><br><em>Temps de lecture: 1 minute.<\/em><\/p>\n\n\n\n<p><a href=\"https:\/\/www.lejsl.com\/societe\/2021\/02\/03\/a-110-ans-la-doyenne-de-la-saone-et-loire-nous-a-quittes\" data-type=\"URL\" data-id=\"https:\/\/www.lejsl.com\/societe\/2021\/02\/03\/a-110-ans-la-doyenne-de-la-saone-et-loire-nous-a-quittes\" target=\"_blank\" rel=\"noreferrer noopener\">Le journal de Sa\u00f4ne-et-Loire - \u00c0 110 ans, la doyenne de la Sa\u00f4ne-et-Loire nous a quitt\u00e9s<\/a><br><em>Temps de lecture: 1 minute.<\/em><\/p>\n\n\n\n<hr class=\"wp-block-separator is-style-dots\" \/>\n\n\n\n<p>Certes, 110 ans.<br>Elle \u00e9tait toutefois en bonne sant\u00e9 au moment de sa vaccination et est d\u00e9c\u00e9d\u00e9e 2 jours apr\u00e8s.<\/p>\n\n\n\n<p>Ce pourrait n'\u00eatre qu'une co\u00efncidence si ce genre de co\u00efncidence n'avait de cesse de r\u00e9p\u00e9ter partout selon le m\u00eame sch\u00e9ma.<\/p>\n\n\n\n<p>En bonne sant\u00e9, vaccination, d\u00e9c\u00e8s quelques jours apr\u00e8s. Co\u00efncidence, aucun lien, faites-vous vacciner et ne posez pas de question.<\/p>\n","protected":false},"excerpt":{"rendered":"<p>30 janvier 2021, 110 ans, vaccin\u00e9e et en bonne sant\u00e9.1er f\u00e9vrier 2021, d\u00e9c\u00e9d\u00e9e \u00e0 110 ans.Aucun lien avec la vaccination 2 jours avant ! La question ne se pose m\u00eame pas !<\/p>\n","protected":false},"author":2,"featured_media":0,"comment_status":"open","ping_status":"open","sticky":false,"template":"","format":"standard","meta":{"footnotes":""},"categories":[2,77,20,12,19],"tags":[31],"class_list":["post-946","post","type-post","status-publish","format-standard","hentry","category-actualite","category-covid19","category-danger-vaccin","category-mortalite","category-vaccin","tag-vaccin"],"_links":{"self":[{"href":"https:\/\/crudelis.fr\/site\/covid1984\/wp-json\/wp\/v2\/posts\/946","targetHints":{"allow":["GET"]}}],"collection":[{"href":"https:\/\/crudelis.fr\/site\/covid1984\/wp-json\/wp\/v2\/posts"}],"about":[{"href":"https:\/\/crudelis.fr\/site\/covid1984\/wp-json\/wp\/v2\/types\/post"}],"author":[{"embeddable":true,"href":"https:\/\/crudelis.fr\/site\/covid1984\/wp-json\/wp\/v2\/users\/2"}],"replies":[{"embeddable":true,"href":"https:\/\/crudelis.fr\/site\/covid1984\/wp-json\/wp\/v2\/comments?post=946"}],"version-history":[{"count":1,"href":"https:\/\/crudelis.fr\/site\/covid1984\/wp-json\/wp\/v2\/posts\/946\/revisions"}],"predecessor-version":[{"id":2253,"href":"https:\/\/crudelis.fr\/site\/covid1984\/wp-json\/wp\/v2\/posts\/946\/revisions\/2253"}],"wp:attachment":[{"href":"https:\/\/crudelis.fr\/site\/covid1984\/wp-json\/wp\/v2\/media?parent=946"}],"wp:term":[{"taxonomy":"category","embeddable":true,"href":"https:\/\/crudelis.fr\/site\/covid1984\/wp-json\/wp\/v2\/categories?post=946"},{"taxonomy":"post_tag","embeddable":true,"href":"https:\/\/crudelis.fr\/site\/covid1984\/wp-json\/wp\/v2\/tags?post=946"}],"curies":[{"name":"wp","href":"https:\/\/api.w.org\/{rel}","templated":true}]}}