{"id":948,"date":"2021-02-05T12:50:17","date_gmt":"2021-02-05T12:50:17","guid":{"rendered":"https:\/\/covid1984.nohost.me\/blog\/?p=948"},"modified":"2022-08-20T11:07:44","modified_gmt":"2022-08-20T11:07:44","slug":"les-cas-de-virus-pourraient-augmenter-a-nouveau-en-israel","status":"publish","type":"post","link":"https:\/\/crudelis.fr\/site\/covid1984\/2021\/02\/05\/les-cas-de-virus-pourraient-augmenter-a-nouveau-en-israel\/","title":{"rendered":"Les cas de virus pourraient augmenter \u00e0 nouveau en Isra\u00ebl"},"content":{"rendered":"\n<p>Les cas de covid et les d\u00e9c\u00e8s explosent en Isra\u00ebl, le pays le plus en avance sur la vaccination.<br>Mais pourquoi donc y voir une relation de cause \u00e0 effet !?<\/p>\n\n\n\n<!--more-->\n\n\n\n<figure class=\"wp-block-table\"><table class=\"has-subtle-pale-pink-background-color has-background\"><tbody><tr><td><em>Pour les articles qui ne sont pas en fran\u00e7ais, vous pouvez utiliser <a rel=\"noreferrer noopener\" href=\"https:\/\/www.deepl.com\/translator\" target=\"_blank\">DeepL<\/a> pour traduire le texte en fran\u00e7ais.<\/em><\/td><\/tr><\/tbody><\/table><\/figure>\n\n\n\n<p><a rel=\"noreferrer noopener\" href=\"https:\/\/www.timesofisrael.com\/virus-cases-may-be-rising-again-task-force-says-official-warns-of-4th-lockdown\/\" data-type=\"URL\" data-id=\"https:\/\/www.timesofisrael.com\/virus-cases-may-be-rising-again-task-force-says-official-warns-of-4th-lockdown\/\" target=\"_blank\">The Times of Israel - Virus cases may be rising again, task force says; official warns of 4th lockdown<\/a><br><em>Temps de lecture: 7-9 minutes.<\/em><\/p>\n\n\n\n<hr class=\"wp-block-separator is-style-dots\" \/>\n\n\n\n<blockquote class=\"wp-block-quote is-layout-flow wp-block-quote-is-layout-flow\"><p><em>A military task force advising the Health Ministry cautioned Tuesday that coronavirus infection may be on the rise again, even after a month of lockdown, as a health official said the current closure may not be Israel\u2019s last.<\/em><br>---<br><em>Un groupe de travail militaire conseillant le minist\u00e8re de la sant\u00e9 a averti mardi que l'infection au coronavirus pourrait \u00eatre \u00e0 nouveau en hausse, m\u00eame apr\u00e8s un mois de fermeture, car un responsable de la sant\u00e9 a d\u00e9clar\u00e9 que la fermeture actuelle pourrait ne pas \u00eatre la derni\u00e8re d'Isra\u00ebl.<\/em><\/p><cite>The Times of Israel<\/cite><\/blockquote>\n\n\n\n<blockquote class=\"wp-block-quote is-layout-flow wp-block-quote-is-layout-flow\"><p><em><em>\u201cVaccination centers are starting to empty; they need to be opened to everyone,\u201d she told Kan, referring to the current prioritization system that began inoculations for those over 60, medical workers and at-risk populations and has since been steadily dropping the minimum age limit, which is now 35.<\/em><\/em><br>---<br><em>\"Les centres de vaccination commencent \u00e0 se vider ; ils doivent \u00eatre ouverts \u00e0 tout le monde\", a-t-elle d\u00e9clar\u00e9 \u00e0 Mme Kan, faisant r\u00e9f\u00e9rence au syst\u00e8me actuel de priorisation qui a commenc\u00e9 les inoculations pour les plus de 60 ans, le personnel m\u00e9dical et les populations \u00e0 risque et qui, depuis, n'a cess\u00e9 d'abaisser la limite d'\u00e2ge minimum, qui est maintenant de 35 ans.<\/em><\/p><cite>The Times of Israel<\/cite><\/blockquote>\n\n\n\n<blockquote class=\"wp-block-quote is-layout-flow wp-block-quote-is-layout-flow\"><p><em><em><em>The data showed 3,165,545 Israelis have gotten the first vaccine dose, with 1,824,750 of them also getting the second shot. Israel so far leads the world by far in its vaccination campaign per capita.<\/em><\/em><\/em><br>---<br><em>Les donn\u00e9es ont montr\u00e9 que 3 165 545 Isra\u00e9liens ont re\u00e7u la premi\u00e8re dose de vaccin, et que 1 824 750 d'entre eux ont \u00e9galement re\u00e7u la seconde. Jusqu'\u00e0 pr\u00e9sent, Isra\u00ebl est de loin en t\u00eate du monde pour ce qui est de la campagne de vaccination par habitant.<\/em><\/p><cite>The Times of Israel<\/cite><\/blockquote>\n\n\n\n<blockquote class=\"wp-block-quote is-layout-flow wp-block-quote-is-layout-flow\"><p><em><em><em>If the virus variants keep mutating and become immune to the current vaccines, an additional, third dose may be needed in the future to inoculate against those strains, coronavirus czar Ash said Monday in a press briefing.<\/em><\/em><\/em><br>---<br><em>Si les variants du virus continuent \u00e0 muter et deviennent immunis\u00e9es contre les vaccins actuels, une troisi\u00e8me dose suppl\u00e9mentaire pourrait \u00eatre n\u00e9cessaire \u00e0 l'avenir pour inoculer contre ces souches, a d\u00e9clar\u00e9 lundi le tsar Ash lors d'un point de presse.<\/em><\/p><cite>The Times of Israel<\/cite><\/blockquote>\n","protected":false},"excerpt":{"rendered":"<p>Les cas de covid et les d\u00e9c\u00e8s explosent en Isra\u00ebl, le pays le plus en avance sur la vaccination.Mais pourquoi donc y voir une relation de cause \u00e0 effet !?<\/p>\n","protected":false},"author":2,"featured_media":0,"comment_status":"open","ping_status":"open","sticky":false,"template":"","format":"standard","meta":{"footnotes":""},"categories":[2,77,20,12,19],"tags":[28,31],"class_list":["post-948","post","type-post","status-publish","format-standard","hentry","category-actualite","category-covid19","category-danger-vaccin","category-mortalite","category-vaccin","tag-relativiser","tag-vaccin"],"_links":{"self":[{"href":"https:\/\/crudelis.fr\/site\/covid1984\/wp-json\/wp\/v2\/posts\/948","targetHints":{"allow":["GET"]}}],"collection":[{"href":"https:\/\/crudelis.fr\/site\/covid1984\/wp-json\/wp\/v2\/posts"}],"about":[{"href":"https:\/\/crudelis.fr\/site\/covid1984\/wp-json\/wp\/v2\/types\/post"}],"author":[{"embeddable":true,"href":"https:\/\/crudelis.fr\/site\/covid1984\/wp-json\/wp\/v2\/users\/2"}],"replies":[{"embeddable":true,"href":"https:\/\/crudelis.fr\/site\/covid1984\/wp-json\/wp\/v2\/comments?post=948"}],"version-history":[{"count":1,"href":"https:\/\/crudelis.fr\/site\/covid1984\/wp-json\/wp\/v2\/posts\/948\/revisions"}],"predecessor-version":[{"id":2252,"href":"https:\/\/crudelis.fr\/site\/covid1984\/wp-json\/wp\/v2\/posts\/948\/revisions\/2252"}],"wp:attachment":[{"href":"https:\/\/crudelis.fr\/site\/covid1984\/wp-json\/wp\/v2\/media?parent=948"}],"wp:term":[{"taxonomy":"category","embeddable":true,"href":"https:\/\/crudelis.fr\/site\/covid1984\/wp-json\/wp\/v2\/categories?post=948"},{"taxonomy":"post_tag","embeddable":true,"href":"https:\/\/crudelis.fr\/site\/covid1984\/wp-json\/wp\/v2\/tags?post=948"}],"curies":[{"name":"wp","href":"https:\/\/api.w.org\/{rel}","templated":true}]}}