{"id":954,"date":"2021-02-06T12:16:02","date_gmt":"2021-02-06T12:16:02","guid":{"rendered":"https:\/\/covid1984.nohost.me\/blog\/?p=954"},"modified":"2022-08-20T11:07:44","modified_gmt":"2022-08-20T11:07:44","slug":"ecoles-un-systeme-de-jetons-pour-respirer","status":"publish","type":"post","link":"https:\/\/crudelis.fr\/site\/covid1984\/2021\/02\/06\/ecoles-un-systeme-de-jetons-pour-respirer\/","title":{"rendered":"\u00c9coles : un syst\u00e8me de jetons pour respirer"},"content":{"rendered":"\n<p>Insupportable torture des enfants \u00e0 l'\u00e9cole sous pr\u00e9texte du covid.<br>Des enfants masqu\u00e9s toute la journ\u00e9e \u00e0 l'\u00e9cole. Toute une g\u00e9n\u00e9ration sacrifi\u00e9e pour les b\u00e9n\u00e9fices de quelqu'uns au sommet. Honteux !<\/p>\n\n\n\n<!--more-->\n\n\n\n<p><a rel=\"noreferrer noopener\" href=\"https:\/\/enfance-libertes.fr\/ecoles-un-systeme-de-jetons-pour-respirer\/\" data-type=\"URL\" data-id=\"https:\/\/enfance-libertes.fr\/ecoles-un-systeme-de-jetons-pour-respirer\/\" target=\"_blank\">Enfance et Libert\u00e9s - Ecoles : un syst\u00e8me de jetons pour respirer<\/a><br><em>Temps de lecture: 2 minutes.<\/em><br><br><a rel=\"noreferrer noopener\" href=\"https:\/\/www.youtube.com\/watch?v=sUZwq8kIF_M\" data-type=\"URL\" data-id=\"https:\/\/www.youtube.com\/watch?v=sUZwq8kIF_M\" target=\"_blank\">Youtube - Coronafolie : les jetons pour respirer \u00e0 l'\u00e9cole<\/a><br><em>2 minutes.<\/em><\/p>\n\n\n\n<hr class=\"wp-block-separator is-style-dots\" \/>\n\n\n\n<blockquote class=\"wp-block-quote is-layout-flow wp-block-quote-is-layout-flow\"><p><em>\u00ab\u00a0Dans ma classe, on a droit \u00e0 3 jetons par jour par enfant\u00a0: ces jetons servent \u00e0 quand on a besoin de sortir baisser un peu le masque pour mieux respirer. Et trois, ce n\u2019est pas beaucoup. Alors le matin, j\u2019essaie de faire un peu attention pour qu\u2019il m\u2019en reste au moins un dans l\u2019apr\u00e8s-midi. Et encore moi, j\u2019ai de la chance parce que mon grand fr\u00e8re qui en CM2, lui, n\u2019a pas de jetons de respiration.<\/em><\/p><cite>Un enfant de 7 ans<\/cite><\/blockquote>\n\n\n\n<p><\/p>\n","protected":false},"excerpt":{"rendered":"<p>Insupportable torture des enfants \u00e0 l'\u00e9cole sous pr\u00e9texte du covid.Des enfants masqu\u00e9s toute la journ\u00e9e \u00e0 l'\u00e9cole. Toute une g\u00e9n\u00e9ration sacrifi\u00e9e pour les b\u00e9n\u00e9fices de quelqu'uns au sommet. Honteux !<\/p>\n","protected":false},"author":2,"featured_media":0,"comment_status":"open","ping_status":"open","sticky":false,"template":"","format":"standard","meta":{"footnotes":""},"categories":[77,9,11,17],"tags":[],"class_list":["post-954","post","type-post","status-publish","format-standard","hentry","category-covid19","category-interview","category-masque","category-ressources"],"_links":{"self":[{"href":"https:\/\/crudelis.fr\/site\/covid1984\/wp-json\/wp\/v2\/posts\/954","targetHints":{"allow":["GET"]}}],"collection":[{"href":"https:\/\/crudelis.fr\/site\/covid1984\/wp-json\/wp\/v2\/posts"}],"about":[{"href":"https:\/\/crudelis.fr\/site\/covid1984\/wp-json\/wp\/v2\/types\/post"}],"author":[{"embeddable":true,"href":"https:\/\/crudelis.fr\/site\/covid1984\/wp-json\/wp\/v2\/users\/2"}],"replies":[{"embeddable":true,"href":"https:\/\/crudelis.fr\/site\/covid1984\/wp-json\/wp\/v2\/comments?post=954"}],"version-history":[{"count":1,"href":"https:\/\/crudelis.fr\/site\/covid1984\/wp-json\/wp\/v2\/posts\/954\/revisions"}],"predecessor-version":[{"id":2250,"href":"https:\/\/crudelis.fr\/site\/covid1984\/wp-json\/wp\/v2\/posts\/954\/revisions\/2250"}],"wp:attachment":[{"href":"https:\/\/crudelis.fr\/site\/covid1984\/wp-json\/wp\/v2\/media?parent=954"}],"wp:term":[{"taxonomy":"category","embeddable":true,"href":"https:\/\/crudelis.fr\/site\/covid1984\/wp-json\/wp\/v2\/categories?post=954"},{"taxonomy":"post_tag","embeddable":true,"href":"https:\/\/crudelis.fr\/site\/covid1984\/wp-json\/wp\/v2\/tags?post=954"}],"curies":[{"name":"wp","href":"https:\/\/api.w.org\/{rel}","templated":true}]}}