{"id":957,"date":"2021-02-07T12:01:49","date_gmt":"2021-02-07T12:01:49","guid":{"rendered":"https:\/\/covid1984.nohost.me\/blog\/?p=957"},"modified":"2022-08-20T11:07:43","modified_gmt":"2022-08-20T11:07:43","slug":"la-dictature-sanitaire-setend-au-passeport-vaccinal-en-europe","status":"publish","type":"post","link":"https:\/\/crudelis.fr\/site\/covid1984\/2021\/02\/07\/la-dictature-sanitaire-setend-au-passeport-vaccinal-en-europe\/","title":{"rendered":"La dictature sanitaire s'\u00e9tend au passeport vaccinal en Europe"},"content":{"rendered":"\n<p>Alors qu'on sait que le vaccin n'emp\u00eache pas d'attraper le covid ni d'\u00eatre contagieux, les \u00e9tats s'empressent de mettre en place des passeport vaccinaux pour retrouver un semblant de libert\u00e9, sous surveillance.<\/p>\n\n\n\n<!--more-->\n\n\n\n<figure class=\"wp-block-table\"><table class=\"has-subtle-pale-pink-background-color has-background\"><tbody><tr><td><em>Pour les articles qui ne sont pas en fran\u00e7ais, vous pouvez utiliser <a rel=\"noreferrer noopener\" href=\"https:\/\/www.deepl.com\/translator\" target=\"_blank\">DeepL<\/a> pour traduire le texte en fran\u00e7ais.<\/em><\/td><\/tr><\/tbody><\/table><\/figure>\n\n\n\n<p><a rel=\"noreferrer noopener\" href=\"https:\/\/www.schengenvisainfo.com\/news\/list-of-eu-countries-issuing-asking-for-vaccination-certificates\/\" data-type=\"URL\" data-id=\"https:\/\/www.schengenvisainfo.com\/news\/list-of-eu-countries-issuing-asking-for-vaccination-certificates\/\" target=\"_blank\">Schengen visa info - List of EU Countries Issuing\/Asking for Vaccination Certificates<\/a><br><em>Temps de lecture: 9-12 minutes.<\/em><\/p>\n\n\n\n<hr class=\"wp-block-separator has-css-opacity is-style-dots\"\/>\n\n\n\n<blockquote class=\"wp-block-quote is-layout-flow wp-block-quote-is-layout-flow\"><p><em>\u201c<em>Leaders agreed to work on a standardised and interoperable form of proof of vaccination for medical purposes. Leaders will determine at a later stage in what circumstances these certificates could be used<\/em>,\u201d<\/em><br>---<br><em>\"Les dirigeants ont convenu de travailler sur une forme standardis\u00e9e et interop\u00e9rable de preuve de vaccination \u00e0 des fins m\u00e9dicales. Les dirigeants d\u00e9termineront ult\u00e9rieurement dans quelles circonstances ces certificats pourraient \u00eatre utilis\u00e9s,\"<\/em><\/p><cite>Schengen visa info<\/cite><\/blockquote>\n\n\n\n<hr class=\"wp-block-separator has-css-opacity is-style-dots\"\/>\n\n\n\n<figure class=\"wp-block-table\"><table class=\"has-subtle-pale-pink-background-color has-background\"><tbody><tr><td><em>Pour les articles qui ne sont pas en fran\u00e7ais, vous pouvez utiliser <a rel=\"noreferrer noopener\" href=\"https:\/\/www.deepl.com\/translator\" target=\"_blank\">DeepL<\/a> pour traduire le texte en fran\u00e7ais.<\/em><\/td><\/tr><\/tbody><\/table><\/figure>\n\n\n\n<p><a rel=\"noreferrer noopener\" href=\"https:\/\/www.itv.com\/news\/2021-02-05\/covid-what-would-a-vaccine-passport-allow-you-to-do\" data-type=\"URL\" data-id=\"https:\/\/www.itv.com\/news\/2021-02-05\/covid-what-would-a-vaccine-passport-allow-you-to-do\" target=\"_blank\">ITV - Covid: What would a 'vaccine passport' allow you to do?<\/a><br><em>Temps de lecture: 4-5 minutes.<\/em><\/p>\n\n\n\n<blockquote class=\"wp-block-quote is-layout-flow wp-block-quote-is-layout-flow\"><p><em><em>The UK Government will \u201chelp facilitate\u201d a \u2018vaccine passport\u2019 to allow people to travel and potentially more, according to minister James Cleverly.<\/em><\/em><br>---<br><em>Le gouvernement britannique va \"aider \u00e0 faciliter\" un \"passeport vaccinal\" pour permettre aux gens de voyager et potentiellement plus, selon le ministre James Cleverly.<\/em><\/p><cite>ITV<\/cite><\/blockquote>\n\n\n\n<blockquote class=\"wp-block-quote is-layout-flow wp-block-quote-is-layout-flow\"><p><em><em><em>In Hungary, those who have been vaccinated receive a plastic card which allows them to stay out past national curfew times.<\/em><\/em><\/em><br>---<br><em>En Hongrie, les personnes qui ont \u00e9t\u00e9 vaccin\u00e9es re\u00e7oivent une carte plastique qui leur permet de rester dehors au-del\u00e0 des heures de couvre-feu national.<\/em><\/p><cite>ITV<\/cite><\/blockquote>\n\n\n\n<blockquote class=\"wp-block-quote is-layout-flow wp-block-quote-is-layout-flow\"><p><em><em><em>The system could permit a return for fans to sporting events, as long as they can prove they have received a vaccine.<\/em><\/em><\/em><br>---<br><em>Le syst\u00e8me pourrait permettre le retour des supporters aux \u00e9v\u00e9nements sportifs, \u00e0 condition qu'ils puissent prouver qu'ils ont re\u00e7u un vaccin.<\/em><\/p><cite>ITV<\/cite><\/blockquote>\n\n\n\n<blockquote class=\"wp-block-quote is-layout-flow wp-block-quote-is-layout-flow\"><p><em><em><em>The idea could also be spread to other activities, such as going to restaurants, bars or the cinema, for example, with visitors being able to prove their vaccination with their vaccine passport.<\/em><\/em><\/em><br>---<br><em>L'id\u00e9e pourrait \u00e9galement \u00eatre \u00e9tendue \u00e0 d'autres activit\u00e9s, comme aller au restaurant, au bar ou au cin\u00e9ma, par exemple, les visiteurs pouvant prouver leur vaccination avec leur passeport vaccinal.<\/em><\/p><cite>ITV<\/cite><\/blockquote>\n\n\n\n<hr class=\"wp-block-separator has-css-opacity is-style-dots\"\/>\n\n\n\n<p>Comme d\u00e9j\u00e0 expliqu\u00e9 il y a <a rel=\"noreferrer noopener\" href=\"https:\/\/crudelis.fr\/site\/covid1984\/2021\/02\/05\/covid-19-le-danemark-va-lancer-son-passeport-vaccinal\/\" target=\"_blank\">quelques jours<\/a>, la France ne fait pas exception.<\/p>\n\n\n\n<p>L'objectif est bel et bien de nous priver de nos libert\u00e9s fondamentales sauf lourdes contraintes. Aujourd'hui c'est un vaccin inefficace contre une maladie manifestement inoffensive, demain d'autres restrictions se rajouterons.<\/p>\n\n\n\n<p>Notez bien que le vaccin n'est <strong>pas obligatoire<\/strong>, pourtant il devient une n\u00e9cessit\u00e9 pour avoir le droit \u00e0 une vie normale.<\/p>\n\n\n\n<p>N'oubliez pas que tout ceci est \u00e9crit dans le projet du <a rel=\"noreferrer noopener\" href=\"https:\/\/crudelis.fr\/site\/covid1984\/tag\/great-reset\/\" data-type=\"URL\" data-id=\"https:\/\/crudelis.fr\/site\/covid1984\/tag\/great-reset\/\" target=\"_blank\">Great Reset<\/a>, nous ne faisons qu'assister au d\u00e9roulement du plan.<br>Ils nous appartient d\u00e9sormais d'avoir une vision court-termiste et de continuer \u00e0 \u00eatre hypnotis\u00e9 par les m\u00e9dias mainstream, ou de prendre en main notre futur et de se battre pour nos droits fondamentaux, notre libert\u00e9 et nos d\u00e9mocraties.<\/p>\n","protected":false},"excerpt":{"rendered":"<p>Alors qu'on sait que le vaccin n'emp\u00eache pas d'attraper le covid ni d'\u00eatre contagieux, les \u00e9tats s'empressent de mettre en place des passeport vaccinaux pour retrouver un semblant de libert\u00e9, sous surveillance.<\/p>\n","protected":false},"author":2,"featured_media":0,"comment_status":"open","ping_status":"open","sticky":false,"template":"","format":"standard","meta":{"footnotes":""},"categories":[2,77,6,14,17,19],"tags":[22,28,31],"class_list":["post-957","post","type-post","status-publish","format-standard","hentry","category-actualite","category-covid19","category-democratie","category-pourquoi","category-ressources","category-vaccin","tag-great-reset","tag-relativiser","tag-vaccin"],"_links":{"self":[{"href":"https:\/\/crudelis.fr\/site\/covid1984\/wp-json\/wp\/v2\/posts\/957","targetHints":{"allow":["GET"]}}],"collection":[{"href":"https:\/\/crudelis.fr\/site\/covid1984\/wp-json\/wp\/v2\/posts"}],"about":[{"href":"https:\/\/crudelis.fr\/site\/covid1984\/wp-json\/wp\/v2\/types\/post"}],"author":[{"embeddable":true,"href":"https:\/\/crudelis.fr\/site\/covid1984\/wp-json\/wp\/v2\/users\/2"}],"replies":[{"embeddable":true,"href":"https:\/\/crudelis.fr\/site\/covid1984\/wp-json\/wp\/v2\/comments?post=957"}],"version-history":[{"count":1,"href":"https:\/\/crudelis.fr\/site\/covid1984\/wp-json\/wp\/v2\/posts\/957\/revisions"}],"predecessor-version":[{"id":2042,"href":"https:\/\/crudelis.fr\/site\/covid1984\/wp-json\/wp\/v2\/posts\/957\/revisions\/2042"}],"wp:attachment":[{"href":"https:\/\/crudelis.fr\/site\/covid1984\/wp-json\/wp\/v2\/media?parent=957"}],"wp:term":[{"taxonomy":"category","embeddable":true,"href":"https:\/\/crudelis.fr\/site\/covid1984\/wp-json\/wp\/v2\/categories?post=957"},{"taxonomy":"post_tag","embeddable":true,"href":"https:\/\/crudelis.fr\/site\/covid1984\/wp-json\/wp\/v2\/tags?post=957"}],"curies":[{"name":"wp","href":"https:\/\/api.w.org\/{rel}","templated":true}]}}