{"id":961,"date":"2021-02-09T11:24:49","date_gmt":"2021-02-09T11:24:49","guid":{"rendered":"https:\/\/covid1984.nohost.me\/blog\/?p=961"},"modified":"2022-08-20T11:07:43","modified_gmt":"2022-08-20T11:07:43","slug":"augmentation-des-deces-a-monaco-depuis-la-vaccination","status":"publish","type":"post","link":"https:\/\/crudelis.fr\/site\/covid1984\/2021\/02\/09\/augmentation-des-deces-a-monaco-depuis-la-vaccination\/","title":{"rendered":"Augmentation des d\u00e9c\u00e8s \u00e0 Monaco depuis la vaccination"},"content":{"rendered":"\n<p>Jusqu'alors \u00e9pargn\u00e9e par la pand\u00e9mie, Monaco conna\u00eet une recrudescence de mortalit\u00e9 depuis le d\u00e9but de sa campagne de vaccination.<br>Aucun rapport bien \u00e9videmment !<\/p>\n\n\n\n<!--more-->\n\n\n\n<p><a href=\"https:\/\/pgibertie.com\/2021\/02\/08\/flambee-de-deces-au-portugal-et-a-monaco-trop-ecouter-les-medecins-de-plateau-tele-ca-se-paie-cher\/\" target=\"_blank\" rel=\"noreferrer noopener\">Le blog de Patrice Gibertie - FLAMBEE DE DECES AU PORTUGAL ET A MONACO ! trop ecouter les m\u00e9decins de plateau t\u00e9l\u00e9, \u00e7a se paie&nbsp;cher!<\/a><br><em>Temps de lecture: 3 minutes.<\/em><\/p>\n\n\n\n<hr class=\"wp-block-separator has-css-opacity is-style-dots\" \/>\n\n\n\n<blockquote class=\"wp-block-quote is-layout-flow wp-block-quote-is-layout-flow\"><p><em><em>La mortalit\u00e9 apr\u00e8s vaccin flambe \u00e0 Monaco. \u2013 3 d\u00e9c\u00e8s de mars 2020 au 8 Janvier 2021 \u2013<\/em><\/em><\/p><p><em>d\u00e9but vaccination le 1janvier<\/em><\/p><p><em>16 d\u00e9c\u00e8s de plus depuis le 8 Cherchez l\u2019erreur ?<\/em><\/p><cite>Patrice Gibertie<\/cite><\/blockquote>\n\n\n\n<hr class=\"wp-block-separator has-css-opacity is-style-dots\" \/>\n\n\n\n<p>Un coup d'oeil rapide \u00e0 la courbe des morts sur <a rel=\"noreferrer noopener\" href=\"https:\/\/ourworldindata.org\/\" data-type=\"URL\" data-id=\"https:\/\/ourworldindata.org\/\" target=\"_blank\">Our World in Data<\/a> est particuli\u00e8rement explicite.<\/p>\n\n\n\n<p><a rel=\"noreferrer noopener\" href=\"https:\/\/ourworldindata.org\/coronavirus-data-explorer?zoomToSelection=true&amp;time=2020-03-01..latest&amp;country=~MCO&amp;region=World&amp;deathsMetric=true&amp;interval=total&amp;hideControls=true&amp;perCapita=true&amp;smoothing=0&amp;pickerMetric=total_cases&amp;pickerSort=desc\" data-type=\"URL\" data-id=\"https:\/\/ourworldindata.org\/coronavirus-data-explorer?zoomToSelection=true&amp;time=2020-03-01..latest&amp;country=~MCO&amp;region=World&amp;deathsMetric=true&amp;interval=total&amp;hideControls=true&amp;perCapita=true&amp;smoothing=0&amp;pickerMetric=total_cases&amp;pickerSort=desc\" target=\"_blank\">Our World in Data - D\u00e9c\u00e8s Covid-19 cumul\u00e9 par millions d'habitants \u00e0 Monaco<\/a><\/p>\n\n\n\n\n","protected":false},"excerpt":{"rendered":"<p>Jusqu'alors \u00e9pargn\u00e9e par la pand\u00e9mie, Monaco conna\u00eet une recrudescence de mortalit\u00e9 depuis le d\u00e9but de sa campagne de vaccination.Aucun rapport bien \u00e9videmment !<\/p>\n","protected":false},"author":2,"featured_media":0,"comment_status":"open","ping_status":"open","sticky":false,"template":"","format":"standard","meta":{"footnotes":""},"categories":[2,77,20,12,17,19],"tags":[31],"class_list":["post-961","post","type-post","status-publish","format-standard","hentry","category-actualite","category-covid19","category-danger-vaccin","category-mortalite","category-ressources","category-vaccin","tag-vaccin"],"_links":{"self":[{"href":"https:\/\/crudelis.fr\/site\/covid1984\/wp-json\/wp\/v2\/posts\/961","targetHints":{"allow":["GET"]}}],"collection":[{"href":"https:\/\/crudelis.fr\/site\/covid1984\/wp-json\/wp\/v2\/posts"}],"about":[{"href":"https:\/\/crudelis.fr\/site\/covid1984\/wp-json\/wp\/v2\/types\/post"}],"author":[{"embeddable":true,"href":"https:\/\/crudelis.fr\/site\/covid1984\/wp-json\/wp\/v2\/users\/2"}],"replies":[{"embeddable":true,"href":"https:\/\/crudelis.fr\/site\/covid1984\/wp-json\/wp\/v2\/comments?post=961"}],"version-history":[{"count":1,"href":"https:\/\/crudelis.fr\/site\/covid1984\/wp-json\/wp\/v2\/posts\/961\/revisions"}],"predecessor-version":[{"id":2248,"href":"https:\/\/crudelis.fr\/site\/covid1984\/wp-json\/wp\/v2\/posts\/961\/revisions\/2248"}],"wp:attachment":[{"href":"https:\/\/crudelis.fr\/site\/covid1984\/wp-json\/wp\/v2\/media?parent=961"}],"wp:term":[{"taxonomy":"category","embeddable":true,"href":"https:\/\/crudelis.fr\/site\/covid1984\/wp-json\/wp\/v2\/categories?post=961"},{"taxonomy":"post_tag","embeddable":true,"href":"https:\/\/crudelis.fr\/site\/covid1984\/wp-json\/wp\/v2\/tags?post=961"}],"curies":[{"name":"wp","href":"https:\/\/api.w.org\/{rel}","templated":true}]}}