{"id":968,"date":"2021-02-09T11:45:00","date_gmt":"2021-02-09T11:45:00","guid":{"rendered":"https:\/\/covid1984.nohost.me\/blog\/?p=968"},"modified":"2022-08-20T11:07:43","modified_gmt":"2022-08-20T11:07:43","slug":"allemagne-le-ministere-de-linterieur-a-influence-des-scientifiques-pour-justifier-les-mesures-covid","status":"publish","type":"post","link":"https:\/\/crudelis.fr\/site\/covid1984\/2021\/02\/09\/allemagne-le-ministere-de-linterieur-a-influence-des-scientifiques-pour-justifier-les-mesures-covid\/","title":{"rendered":"Allemagne : le minist\u00e8re de l'Int\u00e9rieur a influenc\u00e9 des scientifiques pour justifier les mesures covid"},"content":{"rendered":"\n<p>Le minist\u00e8re de l'int\u00e9rieur allemand a donc fabriqu\u00e9 un rapport pour dramatiser la crise et s'arroger le droit de mettre en place des restrictions de libert\u00e9.<br>Comment expliquer qu'un fait aussi grave, qui n'est sans aucun doute pas isol\u00e9, ne soit pas d\u00e9j\u00e0 un scandale politique plan\u00e9taire !?<\/p>\n\n\n\n<!--more-->\n\n\n\n<p><a rel=\"noreferrer noopener\" href=\"https:\/\/www.francesoir.fr\/politique-monde\/allemagne-le-ministere-de-linterieur-influence-des-scientifiques-pour-justifier-les\" data-type=\"URL\" data-id=\"https:\/\/www.francesoir.fr\/politique-monde\/allemagne-le-ministere-de-linterieur-influence-des-scientifiques-pour-justifier-les\" target=\"_blank\">FranceSoir - Allemagne : le minist\u00e8re de l'Int\u00e9rieur a influenc\u00e9 des scientifiques pour justifier les mesures covid<\/a><br><em>Temps de lecture: 4-5 minutes.<\/em><\/p>\n\n\n\n<hr class=\"wp-block-separator is-style-dots\" \/>\n\n\n\n<blockquote class=\"wp-block-quote is-layout-flow wp-block-quote-is-layout-flow\"><p><em>Le journal allemand du dimanche WELT AM SONNTAG dispose de longs \u00e9changes montrant que dans la premi\u00e8re phase s\u00e9v\u00e8re de la pand\u00e9mie, le minist\u00e8re de l'Int\u00e9rieur dirig\u00e9 par Horst Seehofer a fait interf\u00e9rence avec les chercheurs.\u00a0Ces derniers ont fourni des r\u00e9sultats am\u00e9nag\u00e9s permettant de dramatiser un \"rapport secret\" du minist\u00e8re.<\/em><\/p><cite>Anette Dowideit et Alexander Nabert pour Welt, traduit par FranceSoir<\/cite><\/blockquote>\n\n\n\n<blockquote class=\"wp-block-quote is-layout-flow wp-block-quote-is-layout-flow\"><p><em><em>Il a charg\u00e9 les chercheurs de l'Institut Robert Koch et d'autres institutions de cr\u00e9er un mod\u00e8le de calcul sur la base duquel le minist\u00e8re de l'Int\u00e9rieur, Horst Seehofer (CSU), voulait justifier des mesures corona s\u00e9v\u00e8res.<\/em><\/em><\/p><cite>Anette Dowideit et Alexander Nabert pour Welt, traduit par FranceSoir<\/cite><\/blockquote>\n\n\n\n<blockquote class=\"wp-block-quote is-layout-flow wp-block-quote-is-layout-flow\"><p><em><em><em>Selon la correspondance, les scientifiques ont travaill\u00e9 en \u00e9troite coordination avec le minist\u00e8re en seulement quatre jours pour d\u00e9velopper le contenu d'un rapport qui avait \u00e9t\u00e9 \u00ab\u00a0d\u00e9clar\u00e9 secret\u00a0\u00bb, qui a \u00e9t\u00e9 distribu\u00e9 via divers m\u00e9dias au cours des jours suivants.<\/em><\/em><\/em><\/p><cite>Anette Dowideit et Alexander Nabert pour Welt, traduit par FranceSoir<\/cite><\/blockquote>\n\n\n\n<hr class=\"wp-block-separator is-style-dots\" \/>\n\n\n\n<p>L'article original en Allemand sur le site welt.de est disponible \u00e0 cette adresse:<\/p>\n\n\n\n<p><a href=\"https:\/\/www.welt.de\/politik\/deutschland\/article225864597\/Interner-E-Mail-Verkehr-Innenministerium-spannte-Wissenschaftler-ein.html\" data-type=\"URL\" data-id=\"https:\/\/www.welt.de\/politik\/deutschland\/article225864597\/Interner-E-Mail-Verkehr-Innenministerium-spannte-Wissenschaftler-ein.html\" target=\"_blank\" rel=\"noreferrer noopener\">Welt - Innenministerium spannte Wissenschaftler f\u00fcr Rechtfertigung von Corona-Ma\u00dfnahmen ein<\/a><\/p>\n","protected":false},"excerpt":{"rendered":"<p>Le minist\u00e8re de l'int\u00e9rieur allemand a donc fabriqu\u00e9 un rapport pour dramatiser la crise et s'arroger le droit de mettre en place des restrictions de libert\u00e9.Comment expliquer qu'un fait aussi grave, qui n'est sans aucun doute pas isol\u00e9, ne soit pas d\u00e9j\u00e0 un scandale politique plan\u00e9taire !?<\/p>\n","protected":false},"author":2,"featured_media":0,"comment_status":"open","ping_status":"open","sticky":false,"template":"","format":"standard","meta":{"footnotes":""},"categories":[2,77,6,17],"tags":[28],"class_list":["post-968","post","type-post","status-publish","format-standard","hentry","category-actualite","category-covid19","category-democratie","category-ressources","tag-relativiser"],"_links":{"self":[{"href":"https:\/\/crudelis.fr\/site\/covid1984\/wp-json\/wp\/v2\/posts\/968","targetHints":{"allow":["GET"]}}],"collection":[{"href":"https:\/\/crudelis.fr\/site\/covid1984\/wp-json\/wp\/v2\/posts"}],"about":[{"href":"https:\/\/crudelis.fr\/site\/covid1984\/wp-json\/wp\/v2\/types\/post"}],"author":[{"embeddable":true,"href":"https:\/\/crudelis.fr\/site\/covid1984\/wp-json\/wp\/v2\/users\/2"}],"replies":[{"embeddable":true,"href":"https:\/\/crudelis.fr\/site\/covid1984\/wp-json\/wp\/v2\/comments?post=968"}],"version-history":[{"count":1,"href":"https:\/\/crudelis.fr\/site\/covid1984\/wp-json\/wp\/v2\/posts\/968\/revisions"}],"predecessor-version":[{"id":2247,"href":"https:\/\/crudelis.fr\/site\/covid1984\/wp-json\/wp\/v2\/posts\/968\/revisions\/2247"}],"wp:attachment":[{"href":"https:\/\/crudelis.fr\/site\/covid1984\/wp-json\/wp\/v2\/media?parent=968"}],"wp:term":[{"taxonomy":"category","embeddable":true,"href":"https:\/\/crudelis.fr\/site\/covid1984\/wp-json\/wp\/v2\/categories?post=968"},{"taxonomy":"post_tag","embeddable":true,"href":"https:\/\/crudelis.fr\/site\/covid1984\/wp-json\/wp\/v2\/tags?post=968"}],"curies":[{"name":"wp","href":"https:\/\/api.w.org\/{rel}","templated":true}]}}