{"id":970,"date":"2021-02-09T11:50:59","date_gmt":"2021-02-09T11:50:59","guid":{"rendered":"https:\/\/covid1984.nohost.me\/blog\/?p=970"},"modified":"2022-08-20T11:07:43","modified_gmt":"2022-08-20T11:07:43","slug":"lettre-ouverte-les-jeunes-sont-en-train-de-seteindre","status":"publish","type":"post","link":"https:\/\/crudelis.fr\/site\/covid1984\/2021\/02\/09\/lettre-ouverte-les-jeunes-sont-en-train-de-seteindre\/","title":{"rendered":"Lettre ouverte : les jeunes sont en train de s\u2019\u00e9teindre"},"content":{"rendered":"\n<p>Un cri de d\u00e9tresse de notre jeunesse, cette g\u00e9n\u00e9ration sacrifi\u00e9e sous pr\u00e9texte d'une fausse pand\u00e9mie.<br>Que sera l'avenir si les jeunes g\u00e9n\u00e9rations sont sacrifi\u00e9es aujourd'hui sans raison ?<\/p>\n\n\n\n<!--more-->\n\n\n\n<p><a rel=\"noreferrer noopener\" href=\"https:\/\/www.francesoir.fr\/opinions-tribunes\/lettre-ouverte-les-jeunes-sont-en-train-de-seteindre\" data-type=\"URL\" data-id=\"https:\/\/www.francesoir.fr\/opinions-tribunes\/lettre-ouverte-les-jeunes-sont-en-train-de-seteindre\" target=\"_blank\">FranceSoir - Lettre ouverte : les jeunes sont en train de s\u2019\u00e9teindre<\/a><br><em>Temps de lecture: 5-7 minutes.<\/em><\/p>\n\n\n\n<hr class=\"wp-block-separator is-style-dots\" \/>\n\n\n\n<blockquote class=\"wp-block-quote is-layout-flow wp-block-quote-is-layout-flow\"><p><em>Par quels moyens pouvons nous esp\u00e9rer un lendemain, sachant que nous vivons avec un minuteur ? Un compte \u00e0 rebours nous emp\u00eachant d\u2019exprimer notre vie le long d\u2019une journ\u00e9e ? Monsieur le Pr\u00e9sident, les r\u00eaves, les projets eux, ne s\u2019arr\u00eatent pas.<\/em><\/p><cite>L\u00e9ocadie Bouillot<\/cite><\/blockquote>\n\n\n\n<blockquote class=\"wp-block-quote is-layout-flow wp-block-quote-is-layout-flow\"><p><em><em>La vie, elle continue son cours. S\u2019occuper de sa famille. Pratiquer un sport. Voir ses amis. Nous devenons des \u00ab morts-vivants \u00bb.<\/em><\/em><\/p><cite>L\u00e9ocadie Bouillot<\/cite><\/blockquote>\n\n\n\n<blockquote class=\"wp-block-quote is-layout-flow wp-block-quote-is-layout-flow\"><p><em><em><em>En quoi ou en qui croire lorsque la personne qui nous guide, Monsieur le Pr\u00e9sident, nous rend sans vie et simplement num\u00e9ris\u00e9s ? Nous avons surmont\u00e9 de nombreuses mesures, compr\u00e9hensifs. Maintenant, notre patience a ses limites. Le mot vivre r\u00e9sonne dans nos c\u0153urs, le mot libert\u00e9 cogne dans nos esprits<\/em><\/em><\/em><\/p><cite>L\u00e9ocadie Bouillot<\/cite><\/blockquote>\n\n\n\n<p><\/p>\n","protected":false},"excerpt":{"rendered":"<p>Un cri de d\u00e9tresse de notre jeunesse, cette g\u00e9n\u00e9ration sacrifi\u00e9e sous pr\u00e9texte d'une fausse pand\u00e9mie.Que sera l'avenir si les jeunes g\u00e9n\u00e9rations sont sacrifi\u00e9es aujourd'hui sans raison ?<\/p>\n","protected":false},"author":2,"featured_media":0,"comment_status":"open","ping_status":"open","sticky":false,"template":"","format":"standard","meta":{"footnotes":""},"categories":[3,77,17],"tags":[21],"class_list":["post-970","post","type-post","status-publish","format-standard","hentry","category-alerte","category-covid19","category-ressources","tag-confinement"],"_links":{"self":[{"href":"https:\/\/crudelis.fr\/site\/covid1984\/wp-json\/wp\/v2\/posts\/970","targetHints":{"allow":["GET"]}}],"collection":[{"href":"https:\/\/crudelis.fr\/site\/covid1984\/wp-json\/wp\/v2\/posts"}],"about":[{"href":"https:\/\/crudelis.fr\/site\/covid1984\/wp-json\/wp\/v2\/types\/post"}],"author":[{"embeddable":true,"href":"https:\/\/crudelis.fr\/site\/covid1984\/wp-json\/wp\/v2\/users\/2"}],"replies":[{"embeddable":true,"href":"https:\/\/crudelis.fr\/site\/covid1984\/wp-json\/wp\/v2\/comments?post=970"}],"version-history":[{"count":1,"href":"https:\/\/crudelis.fr\/site\/covid1984\/wp-json\/wp\/v2\/posts\/970\/revisions"}],"predecessor-version":[{"id":2246,"href":"https:\/\/crudelis.fr\/site\/covid1984\/wp-json\/wp\/v2\/posts\/970\/revisions\/2246"}],"wp:attachment":[{"href":"https:\/\/crudelis.fr\/site\/covid1984\/wp-json\/wp\/v2\/media?parent=970"}],"wp:term":[{"taxonomy":"category","embeddable":true,"href":"https:\/\/crudelis.fr\/site\/covid1984\/wp-json\/wp\/v2\/categories?post=970"},{"taxonomy":"post_tag","embeddable":true,"href":"https:\/\/crudelis.fr\/site\/covid1984\/wp-json\/wp\/v2\/tags?post=970"}],"curies":[{"name":"wp","href":"https:\/\/api.w.org\/{rel}","templated":true}]}}