{"id":110,"date":"2013-09-04T12:13:48","date_gmt":"2013-09-04T11:13:48","guid":{"rendered":"http:\/\/crudelis.fr\/cv\/?p=110"},"modified":"2013-09-04T12:13:48","modified_gmt":"2013-09-04T11:13:48","slug":"mise-en-lumiere-de-conjunto-jacare","status":"publish","type":"post","link":"https:\/\/crudelis.fr\/site\/cv\/2013\/09\/04\/mise-en-lumiere-de-conjunto-jacare\/","title":{"rendered":"Mise en lumi\u00e8re de Conjunto Jacare"},"content":{"rendered":"<p>2009<br \/>\nConcert du groupe Conjunto Jacare \u00e0 l'amphi culturel de l'universit\u00e9 Lumi\u00e8re Lyon 2<br \/>\n<a href=\"http:\/\/crudelis.fr\/site\/cv\/wp-content\/uploads\/sites\/5\/2014\/08\/concert_conjunto_jacare_3.jpeg\"><img loading=\"lazy\" decoding=\"async\" src=\"http:\/\/crudelis.fr\/site\/cv\/wp-content\/uploads\/sites\/5\/2014\/08\/concert_conjunto_jacare_3.jpeg\" alt=\"concert_conjunto_jacare_3\" width=\"682\" height=\"1024\" class=\"aligncenter size-full wp-image-185\" \/><\/a><\/p>\n<p><a href=\"http:\/\/crudelis.fr\/site\/cv\/wp-content\/uploads\/sites\/5\/2014\/08\/Concert-Conjunto-Jacare-2.jpeg\"><img loading=\"lazy\" decoding=\"async\" src=\"http:\/\/crudelis.fr\/site\/cv\/wp-content\/uploads\/sites\/5\/2014\/08\/Concert-Conjunto-Jacare-2.jpeg\" alt=\"Concert-Conjunto-Jacare-2\" width=\"1024\" height=\"682\" class=\"aligncenter size-full wp-image-147\" srcset=\"https:\/\/crudelis.fr\/site\/cv\/wp-content\/uploads\/sites\/5\/2014\/08\/Concert-Conjunto-Jacare-2.jpeg 1024w, https:\/\/crudelis.fr\/site\/cv\/wp-content\/uploads\/sites\/5\/2014\/08\/Concert-Conjunto-Jacare-2-300x200.jpeg 300w\" sizes=\"auto, (max-width: 1024px) 100vw, 1024px\" \/><\/a><\/p>\n<p><a href=\"http:\/\/crudelis.fr\/site\/cv\/wp-content\/uploads\/sites\/5\/2014\/08\/Concert-Conjunto-Jacare-1.jpeg\"><img loading=\"lazy\" decoding=\"async\" src=\"http:\/\/crudelis.fr\/site\/cv\/wp-content\/uploads\/sites\/5\/2014\/08\/Concert-Conjunto-Jacare-1.jpeg\" alt=\"Concert-Conjunto-Jacare-1\" width=\"682\" height=\"1024\" class=\"aligncenter size-full wp-image-146\" srcset=\"https:\/\/crudelis.fr\/site\/cv\/wp-content\/uploads\/sites\/5\/2014\/08\/Concert-Conjunto-Jacare-1.jpeg 682w, https:\/\/crudelis.fr\/site\/cv\/wp-content\/uploads\/sites\/5\/2014\/08\/Concert-Conjunto-Jacare-1-200x300.jpeg 200w\" sizes=\"auto, (max-width: 682px) 100vw, 682px\" \/><\/a><\/p>\n","protected":false},"excerpt":{"rendered":"<p>2009 Concert du groupe Conjunto Jacare \u00e0 l'amphi culturel de l'universit\u00e9 Lumi\u00e8re Lyon 2<\/p>\n","protected":false},"author":1,"featured_media":191,"comment_status":"open","ping_status":"open","sticky":false,"template":"","format":"gallery","meta":{"footnotes":"","_links_to":"","_links_to_target":""},"categories":[3],"tags":[],"class_list":["post-110","post","type-post","status-publish","format-gallery","has-post-thumbnail","hentry","category-concert","post_format-post-format-gallery"],"_links":{"self":[{"href":"https:\/\/crudelis.fr\/site\/cv\/wp-json\/wp\/v2\/posts\/110","targetHints":{"allow":["GET"]}}],"collection":[{"href":"https:\/\/crudelis.fr\/site\/cv\/wp-json\/wp\/v2\/posts"}],"about":[{"href":"https:\/\/crudelis.fr\/site\/cv\/wp-json\/wp\/v2\/types\/post"}],"author":[{"embeddable":true,"href":"https:\/\/crudelis.fr\/site\/cv\/wp-json\/wp\/v2\/users\/1"}],"replies":[{"embeddable":true,"href":"https:\/\/crudelis.fr\/site\/cv\/wp-json\/wp\/v2\/comments?post=110"}],"version-history":[{"count":0,"href":"https:\/\/crudelis.fr\/site\/cv\/wp-json\/wp\/v2\/posts\/110\/revisions"}],"wp:featuredmedia":[{"embeddable":true,"href":"https:\/\/crudelis.fr\/site\/cv\/wp-json\/wp\/v2\/media\/191"}],"wp:attachment":[{"href":"https:\/\/crudelis.fr\/site\/cv\/wp-json\/wp\/v2\/media?parent=110"}],"wp:term":[{"taxonomy":"category","embeddable":true,"href":"https:\/\/crudelis.fr\/site\/cv\/wp-json\/wp\/v2\/categories?post=110"},{"taxonomy":"post_tag","embeddable":true,"href":"https:\/\/crudelis.fr\/site\/cv\/wp-json\/wp\/v2\/tags?post=110"}],"curies":[{"name":"wp","href":"https:\/\/api.w.org\/{rel}","templated":true}]}}